{"id":1108,"date":"2013-04-10T06:15:55","date_gmt":"2013-04-10T06:15:55","guid":{"rendered":"http:\/\/theartic-emden.de\/?p=1108"},"modified":"2013-04-10T06:17:02","modified_gmt":"2013-04-10T06:17:02","slug":"ez-08-04-2013-boden-fur-neues-zentrum-ist-bereitet","status":"publish","type":"post","link":"http:\/\/theartic-emden.de\/?p=1108","title":{"rendered":"EZ 08.04.2013: Boden f\u00fcr neues Zentrum ist bereitet"},"content":{"rendered":"<p><a href=\"http:\/\/theartic-emden.de\/wp-content\/uploads\/2013\/04\/EZ08042013_theartic_bild.jpg\"><img loading=\"lazy\" class=\"aligncenter size-full wp-image-1111\" alt=\"EZ08042013_theartic_bild\" src=\"http:\/\/theartic-emden.de\/wp-content\/uploads\/2013\/04\/EZ08042013_theartic_bild.jpg\" width=\"640\" height=\"443\" srcset=\"http:\/\/theartic-emden.de\/wp-content\/uploads\/2013\/04\/EZ08042013_theartic_bild.jpg 640w, http:\/\/theartic-emden.de\/wp-content\/uploads\/2013\/04\/EZ08042013_theartic_bild-480x332.jpg 480w\" sizes=\"(max-width: 640px) 100vw, 640px\" \/><\/a><br \/>\nEmden. Die Neue Kirche soll nach der erfolgten Sanierung und dem Umbau Emdens \u201eneues geistig-kulturelles Zentrum\u201d sein. Das unterstrich Edzard Wagenaar auf der Mitgliederversammlung des Bauvereins Neue Kirche am vergangenen Freitag.<\/p>\n<p>Wagenaar, er ist beratendes Mitglied des Bauvereins, betonte vor etwa 50 Mitgliedern in der Roten M\u00fchle: \u201eDie Neue Kirche wird immer eine Kirche bleiben.\u201d Zugleich werde der Bau k\u00fcnftig mit Leben erf\u00fcllt, indem \u201eKirche und Gesellschaft gemeinsam\u201d ein Programm aufstellen. Das grobe Ger\u00fcst daf\u00fcr steht, wie Wagenaar zusammen mit Pastor Manfred Meyer, Kirchenratsvorsitzender der reformierten Gemeinde Emden, n\u00e4her ausf\u00fchrte. So ist geplant, f\u00fcr jedes Jahr ein Thema\/Motto festzulegen. Dabei gehe es im Verlauf des (Kirchen-)Jahres darum, einen Begriff\/ein Motto \u201eauf unterschiedlichen Veranstaltungen durchzudeklinieren\u201d, wie Wagenaar es formulierte.<!--more--><\/p>\n<p>Als m\u00f6gliche \u201eProgramms\u00e4ulen\u201d stellte Meyer heraus: \u201eGott und die Welt\u201d (z.B. Fachforen und Vortr\u00e4ge), \u201eStille und Klang\u201d (Musik und spirituelle Stille), \u201eWort und Tat\u201d (Initiativen, die von der Neuen Kirche in die Stadt hinausgetragen werden). Zu letzterem Punkt w\u00e4re aus Wagenaars Sicht unter anderem denkbar, ein Aktion zu starten, um \u201eregionales Obst wieder lebendig werden zu lassen\u201d.<\/p>\n<p>Programmformen sollen unter anderem sein: \u201eSonntag in der Neuen Kirche\u201d, \u201eDas besondere Konzert\u201d, \u201eDie Kabarettkirche\u201d, \u201eForum Kirche-Politik-Gesellschaft\u201d, Ausstellungen sowie Theaterauff\u00fchrungen. Der Bogen wird dabei weit gespannt. Im Bereich Konzerte sollen Laiengruppen genauso ihren Platz haben wie K\u00fcnstler der Spitzenklasse. \u201eEs muss machbar sein, dass auch Low-Level-Veranstaltungen in der Neuen Kirche stattfinden\u201d, sagte Meyer. Genauso m\u00f6glich seien Auftritte prominenter Showgr\u00f6\u00dfen. Wagenaar nannte beispielhaft Konstantin Wecker und den Jazz-Saxofonisten Jan Gabarek.<\/p>\n<p><em>Im Bereich Theater soll es eine Zusammenarbeit mit Partnern aus der Region geben, unter anderem mit der Gruppe \u201eTheartic\u201d. Kooperationspartner sind ebenso die Musikschule, das Ostfriesische Landesmuseum und der B\u00fcrgerverein Gro\u00df Faldern.<\/em><\/p>\n<p>Erste Termine sind bereits gebucht. Am 6. September soll das f\u00fcr 1,3 Millionen Euro restaurierte Haus (Geld aus Spenden und Zuwendungen) er\u00f6ffnen. Am 14. September pr\u00e4sentieren die Nieders\u00e4chsischen Musiktage die Gambenspielerin Hille Perl, und vom 6. Oktober bis zum 3. November ist die Ostfriesland Haggadah zu sehen: die j\u00fcdischen K\u00fcnstler Ricardo Fuhrmann aus Norden und Daniel Jelin aus Buenos Aires erz\u00e4hlen mit etwa 40 Illustrationen den Auszug des Volkes Israel aus \u00c4gypten ins Gelobte Land, die Haggadah.<\/p>\n<p>Es gebe kein festes Personal f\u00fcr das neue Veranstaltungshaus, sagte Wagenaar. Gleichwohl sei der personelle Aufwand hoch, merkte Meyer an. Unter dem Dach von Bauverein und reformierter Gemeinde soll ein Ausschuss, parit\u00e4tisch mit je zwei Vertretern des Vereins und der Gemeinde besetzt, die strategische Leitung \u00fcbernehmen und daf\u00fcr auch mit einem festen Budget ausgestattet werden. Das eigentliche Dach bilde die Kirche, stellte Meyer klar. Wenn bei einem Konzert ein finanzielles Defizit anfalle, sei es die Kirche, die sich dar\u00fcber Gedanken mache, da bei ihr letztlich die Verantwortung liege. \u201eWir wollen mit vielen, vielen Kr\u00e4ften das Ding ans Laufen kriegen\u201d, betonte Wagenaar .<\/p>\n<p>Meyer lobte das \u201efast unermessliche\u201d Engagement des Vorstands und des Beirats. \u201eDas ist nicht hoch genug einzusch\u00e4tzen.\u201d Vereinsvorsitzende Elke Br\u00fcning ihrerseits lobte die \u201evertrauensvolle Zusammenarbeit\u201d zwischen B\u00fcrger- und Christengemeinde f\u00fcr das gro\u00dfe Projekt. \u201eWir erfahren \u00fcberall gro\u00dfen Zuspruch\u201d, freute sich die Vorsitzende.<\/p>\n<p>Der Bauverein soll auch nach der Er\u00f6ffnung des Geb\u00e4udes bestehen bleiben, erl\u00e4uterte Br\u00fcnings Stellvertreter Udo Mann. \u201eEs wird immer etwas zu tun geben. Wir ben\u00f6tigen weiter Spenden, f\u00fcr das Bauwerk und f\u00fcr die kulturelle Nutzung.\u201d<\/p>\n<p>Die von 1643 bis 1648 von Martin Faber erbaute erste reformierte Predigtkirche Deutschlands wird seit dem 18. Juni 2012 (offizieller Baustart) restauriert. Anf\u00e4nglich waren 900 000 Euro daf\u00fcr veranschlagt. Geldgeber sind unter anderem die Stiftung Niedersachsen, die Stadt Emden und die reformierte Gemeinde. Weitere 400 000 Euro hat der Bauverein inzwischen einwerben k\u00f6nnen.<\/p>\n<p>EZ-Artikel vom 08.04.2013 zum Down\u00adload: <a title=\"Zum Artikel der EZ...\" href=\"http:\/\/theartic-emden.de\/wp-content\/uploads\/2013\/04\/EZ08042013_Theartic_GrosseKirche.pdf\" target=\"_blank\">Hier Klicken!<\/a><\/p>\n","protected":false},"excerpt":{"rendered":"<p>Emden. Die Neue Kirche soll nach der erfolgten Sanierung und dem Umbau Emdens \u201eneues geistig-kulturelles Zentrum\u201d sein. Das unterstrich Edzard Wagenaar auf der Mitgliederversammlung des Bauvereins Neue Kirche am vergangenen Freitag. Wagenaar, er ist beratendes Mitglied des Bauvereins, betonte vor &hellip; <a href=\"http:\/\/theartic-emden.de\/?p=1108\">Weiterlesen <span class=\"meta-nav\">&rarr;<\/span><\/a><\/p>\n","protected":false},"author":1,"featured_media":0,"comment_status":"closed","ping_status":"closed","sticky":false,"template":"","format":"standard","meta":{"ngg_post_thumbnail":0},"categories":[5],"tags":[],"_links":{"self":[{"href":"http:\/\/theartic-emden.de\/index.php?rest_route=\/wp\/v2\/posts\/1108"}],"collection":[{"href":"http:\/\/theartic-emden.de\/index.php?rest_route=\/wp\/v2\/posts"}],"about":[{"href":"http:\/\/theartic-emden.de\/index.php?rest_route=\/wp\/v2\/types\/post"}],"author":[{"embeddable":true,"href":"http:\/\/theartic-emden.de\/index.php?rest_route=\/wp\/v2\/users\/1"}],"replies":[{"embeddable":true,"href":"http:\/\/theartic-emden.de\/index.php?rest_route=%2Fwp%2Fv2%2Fcomments&post=1108"}],"version-history":[{"count":5,"href":"http:\/\/theartic-emden.de\/index.php?rest_route=\/wp\/v2\/posts\/1108\/revisions"}],"predecessor-version":[{"id":1115,"href":"http:\/\/theartic-emden.de\/index.php?rest_route=\/wp\/v2\/posts\/1108\/revisions\/1115"}],"wp:attachment":[{"href":"http:\/\/theartic-emden.de\/index.php?rest_route=%2Fwp%2Fv2%2Fmedia&parent=1108"}],"wp:term":[{"taxonomy":"category","embeddable":true,"href":"http:\/\/theartic-emden.de\/index.php?rest_route=%2Fwp%2Fv2%2Fcategories&post=1108"},{"taxonomy":"post_tag","embeddable":true,"href":"http:\/\/theartic-emden.de\/index.php?rest_route=%2Fwp%2Fv2%2Ftags&post=1108"}],"curies":[{"name":"wp","href":"https:\/\/api.w.org\/{rel}","templated":true}]}}