{"id":1599,"date":"2014-10-09T04:11:38","date_gmt":"2014-10-09T04:11:38","guid":{"rendered":"http:\/\/theartic-emden.de\/?p=1599"},"modified":"2014-10-09T06:15:37","modified_gmt":"2014-10-09T06:15:37","slug":"theartic-nun-auch-als-film","status":"publish","type":"post","link":"http:\/\/theartic-emden.de\/?p=1599","title":{"rendered":"EZ 08.10.2014: Theartic nun auch als Film"},"content":{"rendered":"<p>&nbsp;<\/p>\n<div>\n<p style=\"text-align: center;\" align=\"justify\"><a class=\"lightbox\" href=\"http:\/\/theartic-emden.de\/wp-content\/uploads\/2014\/10\/ez08102014_1.jpg\"><img loading=\"lazy\" class=\"aligncenter size-large wp-image-1602\" alt=\"SONY DSC\" src=\"http:\/\/theartic-emden.de\/wp-content\/uploads\/2014\/10\/ez08102014_1-887x800.jpg\" width=\"640\" height=\"577\" srcset=\"http:\/\/theartic-emden.de\/wp-content\/uploads\/2014\/10\/ez08102014_1-887x800.jpg 887w, http:\/\/theartic-emden.de\/wp-content\/uploads\/2014\/10\/ez08102014_1-480x432.jpg 480w, http:\/\/theartic-emden.de\/wp-content\/uploads\/2014\/10\/ez08102014_1.jpg 1100w\" sizes=\"(max-width: 640px) 100vw, 640px\" \/><\/a>Emder Zei\u00adtung | 08.10.2014 | Redak\u00adteurin: Gaby Wolf<\/p>\n<p align=\"justify\"><em>Emden.<\/em> Wenn die Emder Theaterwerkstatt f\u00fcr Behinderte und Nichtbehinderte, Theartic, am 16. und 18. Oktober im Neuen Theater noch einmal das Jubil\u00e4umsst\u00fcck \u201ezehn. und jetzt\u201d auff\u00fchrt, ist das trotzdem auch eine Premiere. Erstmals n\u00e4mlich wird ein Film zum St\u00fcck auf den Markt gebracht .<\/p>\n<p align=\"justify\">Gedreht hat ihn der Karlsruher Filmemacher Marcel Parviz in Zusammenarbeit mit dem Emder brawur-Filmteam. Eine ganz neue Erfahrung f\u00fcr das kunterbunt gemischte Theaterensemble, das auch hinter den Kulissen filmisch begleitet wurde. Und so hat auf der DVD nicht nur eine komplette Auff\u00fchrung von \u201ezehn. und jetzt\u201d aus dem Vorjahr Platz gefunden, sondern es werden auch Eindr\u00fccke von den Proben und aus dem Backstage-Bereich gezeigt .<!--more--><\/p>\n<p align=\"justify\">\u201eEs war gew\u00f6hnungsbed\u00fcrftig\u201d, r\u00e4umt Ensemble-Leiterin Ulrike Heymann ein. \u201eAber da das Filmteam sich sehr gut auf uns eingestellt hat, angenehm zur\u00fcckhaltend, sehr sensibel und nie aufdringlich war, haben sich alle sehr schnell an die neue Situation gew\u00f6hnt.\u201d<\/p>\n<p align=\"justify\">\u201eIch habe gar nicht gemerkt, dass die Kamera da war\u201d, sagt die 31-j\u00e4hrige Karin Wilts, die in dem St\u00fcck die Amtsperson Schatt spielt. Auch Klaus Baalmann hat sich in seiner Rolle als Actionheld Edelbert nicht von der filmischen Begleitung ablenken lassen, wie der 23-J\u00e4hrige stolz erz\u00e4hlt .<\/p>\n<p align=\"justify\">\u201eOb die Kamera nun l\u00e4uft oder nicht, die Aufregung vor dem Auftritt ist die gleiche\u201d, hat auch Hans-Carl Schurig alias Kaffeehaus-Besucher Max Wiesenrain festgestellt. \u201eAber hinter den Kulissen hatte ich schon einen Fluchtreflex\u201d, gibt Annika Wienbeuker zu, Darstellerin der Briefeschreiberin Marlene Linde. \u201eMan musste sich mehr zusammenrei\u00dfen\u201d, findet Anke Pfeffer-Langner .<\/p>\n<p align=\"justify\">Dennoch sind sich alle darin einig, dass der Film prima geworden sei. \u201eEs ist toll, wenn man mal sehen kann, wie die Zuschauer w\u00e4hrend des St\u00fccks reagieren\u201d, meint Jonas Niessen. \u201eUnd wir konnten uns so auch mal selbst zuschauen\u201d, f\u00fcgt Erkan Tan hinzu. Der 26-J\u00e4hrige spielt seit 2009 bei Theartic mit und hat keinen Moment bereut. \u201eWir sind wie eine gro\u00dfe Familie.\u201d Das finden viele in der Gruppe, ob nun mit oder ohne Behinderung. Und wie in einer Familie darf auch jeder mit entscheiden. \u201eJeder darf sich w\u00fcnschen, wie seine Rolle werden soll\u201d, sagt Ulrike Heymann. So kann zum Beispiel Jens Peter Brokamp als Graumann vom Amt einmal einen Charakter ausprobieren, der \u201eeigentlich \u00fcberhaupt nicht in mir steckt\u201d. Und Jann Eilert darf auf der B\u00fchne ein wei\u00dfes Tigerfell mit sich herumschleppen. \u201eWeil ich zu Silvester immer so gerne &#8218;Dinner for One&#8216; schaue.\u201d<\/p>\n<p align=\"justify\">\u00a0\u25ba Der Film ist am 16. und 18. Oktober bei den Auff\u00fchrungen von \u201ezehn. und jetzt\u201d im Neuen Theater erh\u00e4ltlich, ab 20. Oktober auch im Kulturb\u00fcro, in der Buchhandlung Lesezeichen und bei der Emder Zeitung. Er kostet 15 Euro.<\/p>\n<p align=\"justify\">\u00a0\u25ba Karten f\u00fcr die Theaterauff\u00fchrungen gibt es im Vorverkauf f\u00fcr zehn Euro (erm\u00e4\u00dfigt f\u00fcnf Euro) bei der Emder Zeitung und im Kulturb\u00fcro. An der Abendkasse des Neuen Theaters kosten Karten zw\u00f6lf Euro (erm\u00e4\u00dfigt sechs Euro).<\/p>\n<p align=\"justify\">\u25ba EZ-Artikel vom 08.10.2014 zum Download (PDF): <a href=\"http:\/\/theartic-emden.de\/wp-content\/uploads\/2014\/10\/EZ_08-10-2014_Theartic-Film.pdf\" target=\"_blank\">Hier klicken!<\/a><\/p>\n<\/div>\n","protected":false},"excerpt":{"rendered":"<p>&nbsp; Emder Zei\u00adtung | 08.10.2014 | Redak\u00adteurin: Gaby Wolf Emden. Wenn die Emder Theaterwerkstatt f\u00fcr Behinderte und Nichtbehinderte, Theartic, am 16. und 18. Oktober im Neuen Theater noch einmal das Jubil\u00e4umsst\u00fcck \u201ezehn. und jetzt\u201d auff\u00fchrt, ist das trotzdem auch eine &hellip; <a href=\"http:\/\/theartic-emden.de\/?p=1599\">Weiterlesen <span class=\"meta-nav\">&rarr;<\/span><\/a><\/p>\n","protected":false},"author":1,"featured_media":0,"comment_status":"closed","ping_status":"closed","sticky":false,"template":"","format":"standard","meta":{"ngg_post_thumbnail":0},"categories":[1,5],"tags":[],"_links":{"self":[{"href":"http:\/\/theartic-emden.de\/index.php?rest_route=\/wp\/v2\/posts\/1599"}],"collection":[{"href":"http:\/\/theartic-emden.de\/index.php?rest_route=\/wp\/v2\/posts"}],"about":[{"href":"http:\/\/theartic-emden.de\/index.php?rest_route=\/wp\/v2\/types\/post"}],"author":[{"embeddable":true,"href":"http:\/\/theartic-emden.de\/index.php?rest_route=\/wp\/v2\/users\/1"}],"replies":[{"embeddable":true,"href":"http:\/\/theartic-emden.de\/index.php?rest_route=%2Fwp%2Fv2%2Fcomments&post=1599"}],"version-history":[{"count":6,"href":"http:\/\/theartic-emden.de\/index.php?rest_route=\/wp\/v2\/posts\/1599\/revisions"}],"predecessor-version":[{"id":1610,"href":"http:\/\/theartic-emden.de\/index.php?rest_route=\/wp\/v2\/posts\/1599\/revisions\/1610"}],"wp:attachment":[{"href":"http:\/\/theartic-emden.de\/index.php?rest_route=%2Fwp%2Fv2%2Fmedia&parent=1599"}],"wp:term":[{"taxonomy":"category","embeddable":true,"href":"http:\/\/theartic-emden.de\/index.php?rest_route=%2Fwp%2Fv2%2Fcategories&post=1599"},{"taxonomy":"post_tag","embeddable":true,"href":"http:\/\/theartic-emden.de\/index.php?rest_route=%2Fwp%2Fv2%2Ftags&post=1599"}],"curies":[{"name":"wp","href":"https:\/\/api.w.org\/{rel}","templated":true}]}}