{"id":1639,"date":"2015-02-16T07:18:34","date_gmt":"2015-02-16T07:18:34","guid":{"rendered":"http:\/\/theartic-emden.de\/?p=1639"},"modified":"2015-02-16T07:20:52","modified_gmt":"2015-02-16T07:20:52","slug":"oz-12-02-2015-die-suche-nach-dem-was-auch-immer","status":"publish","type":"post","link":"http:\/\/theartic-emden.de\/?p=1639","title":{"rendered":"OZ 12.02.2015: Die Suche nach dem \u201eWas-auch-immer\u201c"},"content":{"rendered":"<div id=\"attachment_1641\" style=\"width: 490px\" class=\"wp-caption aligncenter\"><a class=\"lightbox\" href=\"http:\/\/theartic-emden.de\/wp-content\/uploads\/2015\/02\/Theartic-junior-das-was-auch-immer.jpg\"><img aria-describedby=\"caption-attachment-1641\" loading=\"lazy\" class=\"size-medium wp-image-1641\" title=\"Foto: EW Fotografie - www.ernstweerts.de\" alt=\"Hinten: Marvin Meyer, Beeke Wiltfang, Klaas Trussner, Victoria H\" src=\"http:\/\/theartic-emden.de\/wp-content\/uploads\/2015\/02\/Theartic-junior-das-was-auch-immer-480x316.jpg\" width=\"480\" height=\"316\" srcset=\"http:\/\/theartic-emden.de\/wp-content\/uploads\/2015\/02\/Theartic-junior-das-was-auch-immer-480x316.jpg 480w, http:\/\/theartic-emden.de\/wp-content\/uploads\/2015\/02\/Theartic-junior-das-was-auch-immer.jpg 1000w\" sizes=\"(max-width: 480px) 100vw, 480px\" \/><\/a><p id=\"caption-attachment-1641\" class=\"wp-caption-text\">Foto: EW Fotografie &#8211; www.ernstweerts.de<\/p><\/div>\n<p><em>Quelle: Ostfriesen Zeitung vom 12.02.2015, Redakteur: Heiko M\u00fcller<\/em><\/p>\n<p><b>Emden <\/b>&#8211; Auf eine Reise in eine merkw\u00fcrdige Welt mit h\u00f6chst sonderbaren Gestalten will das Nachwuchs-Ensemble der Emder Kulturinstitution \u201eTheartic\u201c seine Zuschauer mitnehmen. \u201eDas Was-auch-immer\u201c hei\u00dft die neue Produktion, die \u201eTheartic Junior\u201c mit 20 \u00a0behinderten und nicht-behinderten Kindern, Jugendlichen und jungen Erwachsenen im M\u00e4rz auf die B\u00fchne des Kulturbunkers Barenburg bringt.<\/p>\n<p>Autorin ist Ulrike Heymann, die das Ensemble zusammen mit Claus Gosmann leitet. Beide f\u00fchren auch Regie. Heymann lie\u00df sich beim Schreiben des St\u00fcckes wie immer von den Rollenw\u00fcnschen der mitwirkenden Kinder und Jugendlichen leiten. \u201eDabei kamen merkw\u00fcrdige Figuren heraus\u201c, sagte Heymann.<\/p>\n<p>Aus den Ideen der Darsteller entwickelte sich w\u00e4hrend der Proben nach und nach die spannende Geschichte um das \u201eWas-auch-immer\u201c, dem die Protagonistin Nina begegnet ist. Doch leider hat die Jugendliche dieses \u201eWas-auch-immer\u201c wieder aus den Augen verloren. Deshalb macht sie sich mit vier Freunden auf die Suche danach. Das Quintett ger\u00e4t dabei in eine wundersame Welt, von der niemand wei\u00df, ob sie Phantasie oder Wirklichkeit ist. Darin trifft es den Ritter Kunibald mit-ohne-Pferd, Zinnober, den K\u00f6nig ohne Untertanen, und den Zauberer der Gerechtigkeit.<!--more--><\/p>\n<p>Ganz besonders hat es Heymann das \u201efranz\u00f6sische Agentenschaf\u201c angetan. Diese Figur geht auf die Idee einer jungen Darstellerin zur\u00fcck. Sie liebt Frankreich, mag Schafe sowie Agentenfilme und wollte einfach alle diese Vorlieben in ihrer Rolle vereinen. Die Aufl\u00f6sung des R\u00e4tsels um das \u201eWas-auch-immer\u201c will die Autorin und Regisseurin nicht vorwegnehmen. Nat\u00fcrlich gibt es auch Musik. Sie wird auf der B\u00fchne live von Arne Bohnet (Tasteninstrumente) und Michael Junker (Blasinstrumente) gespielt.<\/p>\n<p>Das Theaterst\u00fcck ist die f\u00fcnfte Produktion von \u201eTheartic junior\u201c. Dieses Ensemble ging aus einem Kursus f\u00fcr Musik, Bewegung, Tanz und Theater hervor, den \u201eTheartic\u201c erstmals Ende 2003 auf Wunsch von Eltern behinderter Kinder einrichtete. In den Folgejahren entwickelte sich daraus das Ensemble \u201eTheartic junior\u201c, das im Jahr 2008 seinen ersten gro\u00dfen Erfolg mit dem St\u00fcck \u201eTrockenschwimmen\u201c feierte. Zun\u00e4chst bestand die Gruppe nur aus Behinderten, durch die \u00f6ffentlichen Auff\u00fchrungen kamen aber auch immer mehr nichtbehinderte Kinder und Jugendliche dazu. Es sei \u201eder Idealfall von Inklusion, wenn die Leute von selber kommen\u201c, freut sich Ulrike Heymann \u00fcber das gleichberechtigte Miteinander. Probleme damit habe es nie gegeben. Heute geh\u00f6ren 20 Kinder, Jugendliche und junge Leute im Alter zwischen acht und 21 \u00a0Jahren zum Ensemble. Die H\u00e4lfte davon hat Behinderungen. F\u00fcnf Spielerinnen und Spieler sind von Anfang an dabei, viele seit mehreren Jahren und vier wechselten mittlerweile in das Erwachsenen-Ensemble von \u201eTheartic\u201c. \u201eDie Fluktuation ist also gering\u201c, sagt die Leiterin. Die Junior-Gruppe sei heute das gr\u00f6\u00dfte kontinuierlich arbeitende Emder Kinder- und Jugendtheater-Ensemble.<\/p>\n<p><b>Das St\u00fcck <\/b> \u201eDas Was-auch-immer\u201c des Emder Ensembles \u201eTheartic Junior\u201c, wird am Sonnabend, 7. \u00a0M\u00e4rz, sowie am Sonntag, 8. M\u00e4rz, jeweils ab 15 Uhr sowie am Dienstag, 10. M\u00e4rz, am Mittwoch, 11. M\u00e4rz, und am Donnerstag, 12. \u00a0M\u00e4rz, jeweils ab 11 \u00a0Uhr aufgef\u00fchrt. Alle Auff\u00fchrungen sind im Kulturbunker.<\/p>\n<p><b>Der Vorverkauf <\/b> f\u00fcr die beiden Nachmittagsvorstellungen am 7. und 8. \u00a0M\u00e4rz beginnt am kommenden Montag im Emder Kulturb\u00fcro. Karten f\u00fcr die Vormittagsvorstellungen am Dienstag, 10. M\u00e4rz, und am Mittwoch, 11. M\u00e4rz, gibt es per E-Mail an<br \/>\ninfo@theartic-emden.de (f\u00fcr Schulklassen) und an der Tageskasse (f\u00fcr Einzelpersonen).<\/p>\n<p><b>Die Tickets <\/b>kosten sechs Euro f\u00fcr Erwachsene. Kinder, Sch\u00fcler, Behinderte und Erwerbslose zahlen drei Euro. F\u00fcr Schulklassen betr\u00e4gt der Eintrittspreis 2,50 \u00a0Euro pro Person.<\/p>\n<p><b>Die Produktion <\/b> wird gef\u00f6rdert von der Klosterkammer Hannover, der Sparkassen-Stiftung Aurich-Norden und den Stadtwerken Emden.<\/p>\n<p><b>F\u00fcr den 18. Mai <\/b> ist ein Gastspiel von \u201eTheartic junior\u201c w\u00e4hrend des Festivals \u201eIs\u2019 doch normal, ey!\u201c in der Kulturetage Oldenburg geplant.<\/p>\n<p>OZ-Artikel vom 12.02.2015 zum Download (PDF): <a href=\"http:\/\/theartic-emden.de\/wp-content\/uploads\/2015\/02\/OZ12-02-2015_Tj_Vorbericht-Das-was-auch-immer.pdf\" target=\"_blank\">Hier klicken!<\/a>.<\/p>\n<div><\/div>\n","protected":false},"excerpt":{"rendered":"<p>Quelle: Ostfriesen Zeitung vom 12.02.2015, Redakteur: Heiko M\u00fcller Emden &#8211; Auf eine Reise in eine merkw\u00fcrdige Welt mit h\u00f6chst sonderbaren Gestalten will das Nachwuchs-Ensemble der Emder Kulturinstitution \u201eTheartic\u201c seine Zuschauer mitnehmen. \u201eDas Was-auch-immer\u201c hei\u00dft die neue Produktion, die \u201eTheartic Junior\u201c &hellip; <a href=\"http:\/\/theartic-emden.de\/?p=1639\">Weiterlesen <span class=\"meta-nav\">&rarr;<\/span><\/a><\/p>\n","protected":false},"author":1,"featured_media":0,"comment_status":"closed","ping_status":"closed","sticky":false,"template":"","format":"standard","meta":{"ngg_post_thumbnail":0},"categories":[4,5],"tags":[],"_links":{"self":[{"href":"http:\/\/theartic-emden.de\/index.php?rest_route=\/wp\/v2\/posts\/1639"}],"collection":[{"href":"http:\/\/theartic-emden.de\/index.php?rest_route=\/wp\/v2\/posts"}],"about":[{"href":"http:\/\/theartic-emden.de\/index.php?rest_route=\/wp\/v2\/types\/post"}],"author":[{"embeddable":true,"href":"http:\/\/theartic-emden.de\/index.php?rest_route=\/wp\/v2\/users\/1"}],"replies":[{"embeddable":true,"href":"http:\/\/theartic-emden.de\/index.php?rest_route=%2Fwp%2Fv2%2Fcomments&post=1639"}],"version-history":[{"count":5,"href":"http:\/\/theartic-emden.de\/index.php?rest_route=\/wp\/v2\/posts\/1639\/revisions"}],"predecessor-version":[{"id":1646,"href":"http:\/\/theartic-emden.de\/index.php?rest_route=\/wp\/v2\/posts\/1639\/revisions\/1646"}],"wp:attachment":[{"href":"http:\/\/theartic-emden.de\/index.php?rest_route=%2Fwp%2Fv2%2Fmedia&parent=1639"}],"wp:term":[{"taxonomy":"category","embeddable":true,"href":"http:\/\/theartic-emden.de\/index.php?rest_route=%2Fwp%2Fv2%2Fcategories&post=1639"},{"taxonomy":"post_tag","embeddable":true,"href":"http:\/\/theartic-emden.de\/index.php?rest_route=%2Fwp%2Fv2%2Ftags&post=1639"}],"curies":[{"name":"wp","href":"https:\/\/api.w.org\/{rel}","templated":true}]}}