{"id":1647,"date":"2015-02-16T06:29:04","date_gmt":"2015-02-16T06:29:04","guid":{"rendered":"http:\/\/theartic-emden.de\/?p=1647"},"modified":"2015-02-16T07:30:26","modified_gmt":"2015-02-16T07:30:26","slug":"ez-12-02-2015-ab-durch-die-hecke","status":"publish","type":"post","link":"http:\/\/theartic-emden.de\/?p=1647","title":{"rendered":"EZ 12.02.2015: Ab durch die Hecke"},"content":{"rendered":"<div>\n<div id=\"attachment_1641\" style=\"width: 490px\" class=\"wp-caption aligncenter\"><a class=\"lightbox\" href=\"http:\/\/theartic-emden.de\/wp-content\/uploads\/2015\/02\/Theartic-junior-das-was-auch-immer.jpg\"><img aria-describedby=\"caption-attachment-1641\" loading=\"lazy\" class=\"size-medium wp-image-1641\" alt=\"Hinten: Marvin Meyer, Beeke Wiltfang, Klaas Trussner, Victoria H\" src=\"http:\/\/theartic-emden.de\/wp-content\/uploads\/2015\/02\/Theartic-junior-das-was-auch-immer-480x316.jpg\" width=\"480\" height=\"316\" srcset=\"http:\/\/theartic-emden.de\/wp-content\/uploads\/2015\/02\/Theartic-junior-das-was-auch-immer-480x316.jpg 480w, http:\/\/theartic-emden.de\/wp-content\/uploads\/2015\/02\/Theartic-junior-das-was-auch-immer.jpg 1000w\" sizes=\"(max-width: 480px) 100vw, 480px\" \/><\/a><p id=\"caption-attachment-1641\" class=\"wp-caption-text\">Foto: EW Fotografie | www.ernstweerts.de<\/p><\/div>\n<p style=\"text-align: center;\" align=\"justify\">\n<p align=\"justify\"><em>Quelle: Emder Zeitung vom 12.02.2015, Redakteurin: Gaby Wolf<\/em><\/p>\n<p align=\"justify\"><em><b>Emden.<\/b><\/em> F\u00fcr Theartic junior, das Nachwuchs-Ensemble der Emder Theaterwerkstatt f\u00fcr Behinderte und Nichtbehinderte, k\u00f6nnte es in diesem Jahr eine zweifache Premiere geben. Nicht nur, dass die 20 Kinder und Jugendlichen am 7. M\u00e4rz ihr neues St\u00fcck \u201eDas Was-auch-immer\u201d auf die B\u00fchne bringen, das Ensemble wird voraussichtlich auch erstmals ein Gastspiel au\u00dferhalb Emdens geben.<\/p>\n<p align=\"justify\">Am 18. Mai ist Theartic junior als abendlicher \u201eTop Act\u201d beim Theaterfestival \u201eIs doch normal, ey!\u201d in der Oldenburger Kulturetage vorgesehen. F\u00fcr das Emder Ensemble ist das schon ein kleiner Ritterschlag.<!--more--><\/p>\n<p align=\"justify\">\u201eDie Einladung ist da und von uns best\u00e4tigt: Wir wollen da hin!\u201d, bekr\u00e4ftigte Ulrike Heymann gestern im Pressegespr\u00e4ch. Die k\u00fcnstlerische Leiterin f\u00fchrt nicht nur zusammen mit Claus Gosmann Regie, sondern hat auch wieder das St\u00fcck f\u00fcr die kommenden Auftritte der Juniorgruppe geschrieben.<\/p>\n<p align=\"justify\">Erneut leisteten die Rollenw\u00fcnsche der acht- bis 21-j\u00e4hrigen Akteure dabei Geburtshilfe. \u201eWir probieren die Figuren aus, improvisieren, verwerfen, \u00e4ndern\u201d, beschreibt Heymann jenen Entstehungsprozess, der bei Theartic einfach ganz normal ist. Wenn die Rollen konkret geworden sind, kann sich die Geschichte entwickeln.<\/p>\n<p align=\"justify\">\u201eIn der Vergangenheit kamen dabei Rollen heraus wie der Legomann oder der Junge mit dem Fu\u00df\u201d, erinnert sich Heymann. Im Falle von \u201eDas Was-auch-immer\u201d d\u00fcrfte wohl das franz\u00f6sische Agentenschaf die absonderlichste Idee gewesen sein, die den Sprung ins St\u00fcck geschafft hat.<\/p>\n<p align=\"justify\">Die Geschichte handelt von Nina, die ein echtes Was-auch-immer gesehen, aber gleich wieder aus den Augen verloren hat. Die Suche f\u00fchrt sie und ihre Freunde ab durch die Hecke, hinein in eine merkw\u00fcrdige Welt. Drei Grazien tauchen auf, zwei Wegweiser, Kunibald, der Ritter mit-oder-ohne-Pferd, und Zinnober, der K\u00f6nig ohne Untertanen. Ob sie bei der Suche helfen k\u00f6nnen?<\/p>\n<p align=\"justify\">\u201eDas Was-auch-immer\u201d (wie immer mit Live-Musik) ist die f\u00fcnfte Produktion von Theartic junior. Gef\u00f6rdert wird sie von der Sparkassenstiftung Aurich-Norden, den Stadtwerken und erstmals von der Klosterkammer Hannover &#8211; so gesehen, Premiere Nummer 3.<\/p>\n<p align=\"justify\">\u25ba <b>Auff\u00fchrungen:<\/b> Zu sehen ist \u201eDas Was-auch-immer\u201d, am Sonnabend, 7. M\u00e4rz, und Sonntag, 8. M\u00e4rz, 15 Uhr im Kulturbunker. Weitere Auff\u00fchrungen gibt es Dienstag bis Donnerstag, 10. bis 12. M\u00e4rz, 11 Uhr. Der Donnerstag ist allerdings schon ausverkauft.<\/p>\n<p align=\"justify\">\u25ba <b>Vorverkauf:<\/b> F\u00fcr Sonnabend und Sonntag (7.\/8.M\u00e4rz) sind Karten ab Montag im Kulturb\u00fcro, Gro\u00dfe Stra\u00dfe, erh\u00e4ltlich. F\u00fcr die Vormittagsauff\u00fchrungen l\u00e4uft der Verkauf \u00fcber Theartic, 0 49 21 \/ 3 23 10, <a href=\"mailto:info@theartic-emden.de\">info@theartic-emden.de<\/a>.<\/p>\n<p align=\"justify\">\u00a0\u25ba <b>Eintrittspreise:<\/b> Der Eintritt betr\u00e4gt sechs Euro. Kinder, Sch\u00fcler, Behinderte und Erwerbslose zahlen drei Euro.<\/p>\n<p align=\"justify\">\u25ba EZ-Artikel vom 12.02.2015 zum Download (PDF): <a href=\"http:\/\/theartic-emden.de\/wp-content\/uploads\/2015\/02\/EZ12-02-2015_Tj_Vorbericht-Das-was-auch-immer.pdf\" target=\"_blank\">Hier klicken<\/a><\/p>\n<\/div>\n","protected":false},"excerpt":{"rendered":"<p>Quelle: Emder Zeitung vom 12.02.2015, Redakteurin: Gaby Wolf Emden. F\u00fcr Theartic junior, das Nachwuchs-Ensemble der Emder Theaterwerkstatt f\u00fcr Behinderte und Nichtbehinderte, k\u00f6nnte es in diesem Jahr eine zweifache Premiere geben. Nicht nur, dass die 20 Kinder und Jugendlichen am 7. &hellip; <a href=\"http:\/\/theartic-emden.de\/?p=1647\">Weiterlesen <span class=\"meta-nav\">&rarr;<\/span><\/a><\/p>\n","protected":false},"author":1,"featured_media":0,"comment_status":"closed","ping_status":"closed","sticky":false,"template":"","format":"standard","meta":{"ngg_post_thumbnail":0},"categories":[4,5],"tags":[],"_links":{"self":[{"href":"http:\/\/theartic-emden.de\/index.php?rest_route=\/wp\/v2\/posts\/1647"}],"collection":[{"href":"http:\/\/theartic-emden.de\/index.php?rest_route=\/wp\/v2\/posts"}],"about":[{"href":"http:\/\/theartic-emden.de\/index.php?rest_route=\/wp\/v2\/types\/post"}],"author":[{"embeddable":true,"href":"http:\/\/theartic-emden.de\/index.php?rest_route=\/wp\/v2\/users\/1"}],"replies":[{"embeddable":true,"href":"http:\/\/theartic-emden.de\/index.php?rest_route=%2Fwp%2Fv2%2Fcomments&post=1647"}],"version-history":[{"count":3,"href":"http:\/\/theartic-emden.de\/index.php?rest_route=\/wp\/v2\/posts\/1647\/revisions"}],"predecessor-version":[{"id":1651,"href":"http:\/\/theartic-emden.de\/index.php?rest_route=\/wp\/v2\/posts\/1647\/revisions\/1651"}],"wp:attachment":[{"href":"http:\/\/theartic-emden.de\/index.php?rest_route=%2Fwp%2Fv2%2Fmedia&parent=1647"}],"wp:term":[{"taxonomy":"category","embeddable":true,"href":"http:\/\/theartic-emden.de\/index.php?rest_route=%2Fwp%2Fv2%2Fcategories&post=1647"},{"taxonomy":"post_tag","embeddable":true,"href":"http:\/\/theartic-emden.de\/index.php?rest_route=%2Fwp%2Fv2%2Ftags&post=1647"}],"curies":[{"name":"wp","href":"https:\/\/api.w.org\/{rel}","templated":true}]}}