{"id":1666,"date":"2015-03-24T07:03:50","date_gmt":"2015-03-24T07:03:50","guid":{"rendered":"http:\/\/theartic-emden.de\/?p=1666"},"modified":"2015-03-24T07:03:50","modified_gmt":"2015-03-24T07:03:50","slug":"grossartic-theartic-junior-leserbrief-aus-der-ez-vom-19-03-2015","status":"publish","type":"post","link":"http:\/\/theartic-emden.de\/?p=1666","title":{"rendered":"Gro\u00dfartic, Theartic junior! (Leserbrief aus der EZ vom 19.03.2015)"},"content":{"rendered":"<p align=\"justify\"><b>Zur Schulauff\u00fchrung des Theaterst\u00fccks von Theartic junior \u201eWas auch immer\u201c am 11. M\u00e4rz:<\/b><\/p>\n<p align=\"justify\">Woran liegt es eigentlich, dass man nach den Auff\u00fchrungen von Theartic Junior immer mit diesem inneren Strahlen nach Hause geht? Mit einem Gef\u00fchl, gerade etwas Gro\u00dfartiges erlebt zu haben? Eine Antwort k\u00f6nnte sein: die Mischung macht&#8217;s. Viele Menschen auf der B\u00fchne und hinter den Kulissen tragen ihre Talente zusammen, arbeiten miteinander und heraus kommt Theaterkultur auf h\u00f6chstem Niveau. Die liebevoll gen\u00e4hten Kost\u00fcme, das pr\u00e4gnante B\u00fchnenbild, und die eigens f\u00fcr das Theaterst\u00fcck komponierte und live gespielte Musik lassen die Zuschauer in eine andere Welt tauchen. Lebendig wird diese durch die schauspielerische Leistung aller Darsteller, die mit Engagement, individueller B\u00fchnenpr\u00e4senz und Spielfreude alle Zuschauer in ihren Bann ziehen. Es werden bunt gemischte Rollen gespielt, doch eins spielt keine Rolle: dass es sich um sogenannte behinderte und sogenannte nicht behinderte Schauspieler handelt. Deshalb geht man erfreut und bereichert nach Hause. Gro\u00dfartic!<\/p>\n<p align=\"justify\"><em>Christina Michalke, 26725 Emden<\/p>\n<p><\/em>\u25ba Leserbrief zum Download (PDF):<em> <a href=\"http:\/\/theartic-emden.de\/wp-content\/uploads\/2015\/03\/Leserbrief-theartic-junior.pdf\" target=\"_blank\">Hier klicken!<\/a><br \/>\n<\/em><\/p>\n","protected":false},"excerpt":{"rendered":"<p>Zur Schulauff\u00fchrung des Theaterst\u00fccks von Theartic junior \u201eWas auch immer\u201c am 11. M\u00e4rz: Woran liegt es eigentlich, dass man nach den Auff\u00fchrungen von Theartic Junior immer mit diesem inneren Strahlen nach Hause geht? Mit einem Gef\u00fchl, gerade etwas Gro\u00dfartiges erlebt &hellip; <a href=\"http:\/\/theartic-emden.de\/?p=1666\">Weiterlesen <span class=\"meta-nav\">&rarr;<\/span><\/a><\/p>\n","protected":false},"author":1,"featured_media":0,"comment_status":"closed","ping_status":"closed","sticky":false,"template":"","format":"standard","meta":{"ngg_post_thumbnail":0},"categories":[4,5],"tags":[],"_links":{"self":[{"href":"http:\/\/theartic-emden.de\/index.php?rest_route=\/wp\/v2\/posts\/1666"}],"collection":[{"href":"http:\/\/theartic-emden.de\/index.php?rest_route=\/wp\/v2\/posts"}],"about":[{"href":"http:\/\/theartic-emden.de\/index.php?rest_route=\/wp\/v2\/types\/post"}],"author":[{"embeddable":true,"href":"http:\/\/theartic-emden.de\/index.php?rest_route=\/wp\/v2\/users\/1"}],"replies":[{"embeddable":true,"href":"http:\/\/theartic-emden.de\/index.php?rest_route=%2Fwp%2Fv2%2Fcomments&post=1666"}],"version-history":[{"count":1,"href":"http:\/\/theartic-emden.de\/index.php?rest_route=\/wp\/v2\/posts\/1666\/revisions"}],"predecessor-version":[{"id":1668,"href":"http:\/\/theartic-emden.de\/index.php?rest_route=\/wp\/v2\/posts\/1666\/revisions\/1668"}],"wp:attachment":[{"href":"http:\/\/theartic-emden.de\/index.php?rest_route=%2Fwp%2Fv2%2Fmedia&parent=1666"}],"wp:term":[{"taxonomy":"category","embeddable":true,"href":"http:\/\/theartic-emden.de\/index.php?rest_route=%2Fwp%2Fv2%2Fcategories&post=1666"},{"taxonomy":"post_tag","embeddable":true,"href":"http:\/\/theartic-emden.de\/index.php?rest_route=%2Fwp%2Fv2%2Ftags&post=1666"}],"curies":[{"name":"wp","href":"https:\/\/api.w.org\/{rel}","templated":true}]}}