{"id":1937,"date":"2015-12-30T14:40:40","date_gmt":"2015-12-30T14:40:40","guid":{"rendered":"http:\/\/theartic-emden.de\/?p=1937"},"modified":"2015-12-30T14:40:56","modified_gmt":"2015-12-30T14:40:56","slug":"ruehrender-beitrag-zur-vorweihnacht-ez-21-12-2015","status":"publish","type":"post","link":"http:\/\/theartic-emden.de\/?p=1937","title":{"rendered":"R\u00fchrender Beitrag zur Vorweihnacht (EZ 21.12.2015)"},"content":{"rendered":"<p align=\"justify\"><span style=\"color: #808080;\">Quelle: EZ v. 21.12.2015 | EZ-Redakteurin:\u00a0Ina Wagner<\/span><\/p>\n<div style=\"width: 633px\" class=\"wp-caption alignleft\"><img loading=\"lazy\" class=\"\" src=\"https:\/\/epaper.emderzeitung.de\/eweb\/media\/ez\/2015\/12\/21\/elements\/7eacb17a2e84c46.jpg\" alt=\"\" width=\"623\" height=\"174\" \/><p class=\"wp-caption-text\">Konzert in der Martin-Luther-Kirche mit f\u00fcnf Ensembles aus Emden und der Region<\/p><\/div>\n<p align=\"justify\"><span style=\"color: #000000;\"><b>Emden.<\/b> Das war ein wirklich wundersch\u00f6nes Konzert am Sonnabend in der Bollwerkkirche. Mit mehr als 550 Besuchern bot diese eine pr\u00e4chtige, weihnachtlich geschm\u00fcckte Kulisse f\u00fcr klassische Chors\u00e4tze und modernere Arrangements. Das Wesentliche: Die Ensembles waren bestens vorbereitet, und so wurde das Programm reibungslos und fl\u00fcssig \u00fcber die B\u00fchne gebracht. Das war insofern bemerkenswert, als die Ausf\u00fchrenden ja keine Profis waren, vielmehr handelte es sich um Gruppen aus Emden und der Region .<\/span><!--more--><\/p>\n<p align=\"justify\"><span style=\"color: #000000;\">Man darf daran erinnern, dass dieses Weihnachtskonzert, das in jedem Jahr zugleich das letzte Konzert vor Weihnachten ist, 1945 vom Emder M\u00e4nnergesangverein begr\u00fcndet wurde. Damals, in der schweren Zeit nach dem verheerenden Zweiten Weltkrieg, sollte die Musik lindernde Wirkung aus\u00fcben. Die Tradition wurde weiter fortgef\u00fchrt, so dass in diesem Jahr das 70. Weihnachtssingen anstand. Mittlerweile wird es von einem \u201eTeam Weihnachtskonzert\u201c, in dem die Projektkoordination bei der \u201eKulturkirche<span class=\"sth_martin\">Martin<\/span>&#8211;<span class=\"sth_luther\">Luther<\/span>\u201c liegt, organisiert .<\/span><\/p>\n<p align=\"justify\"><span style=\"color: #000000;\">Seit einigen Jahren wechseln die teilnehmenden Gruppen, aber der M\u00e4nnergesangverein, der inzwischen eine Gemeinschaft mit der Petkumer \u201eWindsbraut\u201c gebildet hat, ist immer dabei. So war es auch am Sonnabend, als die S\u00e4nger mit dem Zupforchester der Musischen Akademie, dem TheartiChor, dem Handglockenchor \u201eCampanella\u201c der L\u00e4ndlichen Akademie Krummh\u00f6rn, der Bigband \u201eYoungsters\u201c des Johannes Althusius-Gymnasiums und mit Kantor Elmar Werner an der Beckerath-Orgel in einem Programm auftraten, das von Martin Kaminski moderiert und von Stefan Geschwentner und Studenten der Hochschule vielfarbig beleuchtet wurde. Das Programm war durchweg \u00fcberdurchschnittlich, wobei die Ensembles leistungsm\u00e4\u00dfig gleichwertig empfunden wurden. Die \u201eYoungster\u201c (Leitung Heiner Jaspers) gl\u00e4nzten mit sch\u00f6nen Arrangements und stimmstarken S\u00e4ngerinnen, die den Auftritt abrundeten.<\/span><\/p>\n<p align=\"justify\"><span style=\"color: #000000;\">Die Chorgemeinschaft (Mirek Strecker) stimmte klangvolle Chors\u00e4tze an. Unter ihnen stachen besonders das moderne \u201eEngel singen leise\u201c und das zauberhafte \u201eWiegenlied der heiligen Maria\u201c hervor. Der TheartiChor (Christiane Dane) sang seine afrikanischen Lieder, erg\u00e4nzt um ein bolivianisches Weihnachtslied und machte in seiner Spontaneit\u00e4t und Singfreude Eindruck. Der Handglockenchor (Hilke Uken) bestrickte mit seinen sehr speziellen Beitr\u00e4gen wie einer \u201eMeditation\u201c oder dem Song \u201eAll day, all night\u201c, w\u00e4hrend das Zupforchester unter Leitung von Robert Willms zarte barocke Musik beisteuerte und zum Schluss mit dem Kanon \u201eDona nobis pacem\u201c einen wunderbaren Abschluss gestaltete.<\/span><\/p>\n<p align=\"justify\"><span style=\"color: #000000;\">Elmar Werner begleitet den Gemeindegesang an der Orgel, und das Publikum sang mehrfach, zum Abschluss das traditionelle \u201eO du fr\u00f6hliche. Und w\u00e4hrend sich der Zimbelstern hoch oben vor den Prospektpfeifen der Orgel noch drehte, war klar, dass das Konzert ein besonders ber\u00fchrender Beitrag zur Vorweihnacht gewesen ist. Wie sch\u00f6n, dass sich in jedem Jahr immer wieder so viele verschiedene Gruppen beteiligen. Und wie sch\u00f6n, dass es in Emden und Umgebung so viele tolle Gruppen gibt, die sich f\u00fcr die Teilnahme an einem solchen Abend empfehlen .<\/span><\/p>\n","protected":false},"excerpt":{"rendered":"<p>Quelle: EZ v. 21.12.2015 | EZ-Redakteurin:\u00a0Ina Wagner Emden. Das war ein wirklich wundersch\u00f6nes Konzert am Sonnabend in der Bollwerkkirche. Mit mehr als 550 Besuchern bot diese eine pr\u00e4chtige, weihnachtlich geschm\u00fcckte Kulisse f\u00fcr klassische Chors\u00e4tze und modernere Arrangements. Das Wesentliche: Die &hellip; <a href=\"http:\/\/theartic-emden.de\/?p=1937\">Weiterlesen <span class=\"meta-nav\">&rarr;<\/span><\/a><\/p>\n","protected":false},"author":1,"featured_media":0,"comment_status":"closed","ping_status":"closed","sticky":false,"template":"","format":"standard","meta":{"ngg_post_thumbnail":0},"categories":[1,5],"tags":[],"_links":{"self":[{"href":"http:\/\/theartic-emden.de\/index.php?rest_route=\/wp\/v2\/posts\/1937"}],"collection":[{"href":"http:\/\/theartic-emden.de\/index.php?rest_route=\/wp\/v2\/posts"}],"about":[{"href":"http:\/\/theartic-emden.de\/index.php?rest_route=\/wp\/v2\/types\/post"}],"author":[{"embeddable":true,"href":"http:\/\/theartic-emden.de\/index.php?rest_route=\/wp\/v2\/users\/1"}],"replies":[{"embeddable":true,"href":"http:\/\/theartic-emden.de\/index.php?rest_route=%2Fwp%2Fv2%2Fcomments&post=1937"}],"version-history":[{"count":1,"href":"http:\/\/theartic-emden.de\/index.php?rest_route=\/wp\/v2\/posts\/1937\/revisions"}],"predecessor-version":[{"id":1939,"href":"http:\/\/theartic-emden.de\/index.php?rest_route=\/wp\/v2\/posts\/1937\/revisions\/1939"}],"wp:attachment":[{"href":"http:\/\/theartic-emden.de\/index.php?rest_route=%2Fwp%2Fv2%2Fmedia&parent=1937"}],"wp:term":[{"taxonomy":"category","embeddable":true,"href":"http:\/\/theartic-emden.de\/index.php?rest_route=%2Fwp%2Fv2%2Fcategories&post=1937"},{"taxonomy":"post_tag","embeddable":true,"href":"http:\/\/theartic-emden.de\/index.php?rest_route=%2Fwp%2Fv2%2Ftags&post=1937"}],"curies":[{"name":"wp","href":"https:\/\/api.w.org\/{rel}","templated":true}]}}