{"id":370,"date":"2012-05-07T06:06:14","date_gmt":"2012-05-07T06:06:14","guid":{"rendered":"http:\/\/theartic-emden.de\/?p=370"},"modified":"2012-05-07T06:06:14","modified_gmt":"2012-05-07T06:06:14","slug":"oz-07-05-2012-politsatire-im-emder-stadtgarten-sind-das-die-piraten","status":"publish","type":"post","link":"http:\/\/theartic-emden.de\/?p=370","title":{"rendered":"OZ 07.05.2012: Politsatire im Emder Stadtgarten: &#8222;Sind das die Piraten?&#8220;"},"content":{"rendered":"<p><img loading=\"lazy\" src=\"http:\/\/theartic-emden.de\/wp-content\/uploads\/2012\/05\/OZ07052012_Stadtgarten_thumb.jpg\" alt=\"\" title=\"OZ07052012_Stadtgarten_thumb\" width=\"500\" height=\"291\" class=\"alignnone size-full wp-image-371\" srcset=\"http:\/\/theartic-emden.de\/wp-content\/uploads\/2012\/05\/OZ07052012_Stadtgarten_thumb.jpg 500w, http:\/\/theartic-emden.de\/wp-content\/uploads\/2012\/05\/OZ07052012_Stadtgarten_thumb-480x279.jpg 480w\" sizes=\"(max-width: 500px) 100vw, 500px\" \/><br \/>\n<em><strong>Emden.<\/strong><\/em> Menschen, die hektisch um den F\u00fcrbringerbrunnen rennen, Handy am Ohr, Zigarette im Mund, dunkel gekleidet. Namenlose Schilder am Revers teilen sie ein, sie sind \u201eSecurity\u201c, \u201eOrganisation\u201c oder \u201eService\u201c.<br \/>\nEiner der Herren vom Team der \u201eOrganisation\u201c schnappt sich ein Megafon. Br\u00fcllt: \u201eEs geht wieder aufw\u00e4rts mit der Region\u201c und in wenigen Minuten komme \u201eMartin Wegner, Ihre Stimme im Bundestag\u201c. Ein Teil des Emder Stadtgartens wird mit rotwei\u00dfem Flatterband abgesperrt, \u201ef\u00fcr die High Society. Bleiben Sie bitte dahinter. Danke f\u00fcr Ihre Kooperation\u201c, schallt es durch das Megafon.<br \/>\nWas sich da am Sonnabendmittag im Stadtgarten anbahnte, schien was mit Politik zu tun zu haben. So weit hatte das ein Mann im Vorbeigehen mitgekriegt. Nur was? Wer steckte dahinter? Nichts Rotes, nichts Schwarzes, nichts Gr\u00fcnes, nichts Gelbes \u2013 nichts, was ihm beim Identifizieren half. Irritierend: \u201eSind das die Piraten oder was?\u201c Es war Show \u2013 keine irgendeiner Partei, sondern eine der Emder Kulturinstitution \u201eTheartic\u201c. W\u00e4hrend eines internationalen Projektes mit Teilnehmern aus acht europ\u00e4ischen Hauptst\u00e4dten machte die Gruppe den Stadtgarten zur B\u00fchne, Passanten zu Statisten und Politik zum Theater \u2013 ein bisschen \u00fcberzeichnet, und trotzdem wirkte es f\u00fcr manche einen Moment lang glaubw\u00fcrdig.<\/p>\n<p>Den vollst\u00e4ndigen Artikel der Ostfriesen Zeitung vom 07.05.2012 finden sie hier: <a href=\"http:\/\/theartic-emden.de\/wp-content\/uploads\/2012\/05\/OZ07052012_Theartic_Europa_Stadtgartenaktion.pdf\" target=\"_blank\">Zum Artikel (PDF)<\/a><\/p>\n","protected":false},"excerpt":{"rendered":"<p>Emden. Menschen, die hektisch um den F\u00fcrbringerbrunnen rennen, Handy am Ohr, Zigarette im Mund, dunkel gekleidet. Namenlose Schilder am Revers teilen sie ein, sie sind \u201eSecurity\u201c, \u201eOrganisation\u201c oder \u201eService\u201c. Einer der Herren vom Team der \u201eOrganisation\u201c schnappt sich ein Megafon. &hellip; <a href=\"http:\/\/theartic-emden.de\/?p=370\">Weiterlesen <span class=\"meta-nav\">&rarr;<\/span><\/a><\/p>\n","protected":false},"author":1,"featured_media":0,"comment_status":"closed","ping_status":"closed","sticky":false,"template":"","format":"standard","meta":{"ngg_post_thumbnail":0},"categories":[1],"tags":[],"_links":{"self":[{"href":"http:\/\/theartic-emden.de\/index.php?rest_route=\/wp\/v2\/posts\/370"}],"collection":[{"href":"http:\/\/theartic-emden.de\/index.php?rest_route=\/wp\/v2\/posts"}],"about":[{"href":"http:\/\/theartic-emden.de\/index.php?rest_route=\/wp\/v2\/types\/post"}],"author":[{"embeddable":true,"href":"http:\/\/theartic-emden.de\/index.php?rest_route=\/wp\/v2\/users\/1"}],"replies":[{"embeddable":true,"href":"http:\/\/theartic-emden.de\/index.php?rest_route=%2Fwp%2Fv2%2Fcomments&post=370"}],"version-history":[{"count":1,"href":"http:\/\/theartic-emden.de\/index.php?rest_route=\/wp\/v2\/posts\/370\/revisions"}],"predecessor-version":[{"id":373,"href":"http:\/\/theartic-emden.de\/index.php?rest_route=\/wp\/v2\/posts\/370\/revisions\/373"}],"wp:attachment":[{"href":"http:\/\/theartic-emden.de\/index.php?rest_route=%2Fwp%2Fv2%2Fmedia&parent=370"}],"wp:term":[{"taxonomy":"category","embeddable":true,"href":"http:\/\/theartic-emden.de\/index.php?rest_route=%2Fwp%2Fv2%2Fcategories&post=370"},{"taxonomy":"post_tag","embeddable":true,"href":"http:\/\/theartic-emden.de\/index.php?rest_route=%2Fwp%2Fv2%2Ftags&post=370"}],"curies":[{"name":"wp","href":"https:\/\/api.w.org\/{rel}","templated":true}]}}