{"id":374,"date":"2012-05-07T06:11:15","date_gmt":"2012-05-07T06:11:15","guid":{"rendered":"http:\/\/theartic-emden.de\/?p=374"},"modified":"2012-05-07T06:11:15","modified_gmt":"2012-05-07T06:11:15","slug":"ez-07-05-2012-ist-das-hier-politisch","status":"publish","type":"post","link":"http:\/\/theartic-emden.de\/?p=374","title":{"rendered":"EZ 07.05.2012: &#8222;Ist das hier politisch?&#8220;"},"content":{"rendered":"<p><img loading=\"lazy\" src=\"http:\/\/theartic-emden.de\/wp-content\/uploads\/2012\/05\/EZ07052012_Stadtgarten_thumb.jpg\" alt=\"\" title=\"EZ07052012_Stadtgarten_thumb\" width=\"500\" height=\"428\" class=\"alignnone size-full wp-image-376\" srcset=\"http:\/\/theartic-emden.de\/wp-content\/uploads\/2012\/05\/EZ07052012_Stadtgarten_thumb.jpg 500w, http:\/\/theartic-emden.de\/wp-content\/uploads\/2012\/05\/EZ07052012_Stadtgarten_thumb-480x410.jpg 480w\" sizes=\"(max-width: 500px) 100vw, 500px\" \/><br \/>\n<strong><em>Emden.<\/em><\/strong> Ein Flatterband trennt \u201edie bessere Gesellschaft\u201d und den gemeinen B\u00fcrger, Ordner mit Marx Brother-Outfit und Mafia-Attit\u00fcde sorgen f\u00fcr den Einhalt der Grenzlinie. F\u00e4hnchen werden verteilt. \u201eSind das etwa russische\u201d, emp\u00f6rte sich ein Passant, der noch nicht ganz im Bilde dar\u00fcber ist, dass alles Theater ist. Das allerdings konnte kaum verwundern, denn die Szenerie war nicht so abstrus, dass man ihren Wahrheitsgehalt unbedingt h\u00e4tte anzweifeln m\u00f6gen. Ulrike Heymann, Claus Gosmann und das Team von Theartic hatten sich den Auftritt f\u00fcr einen europ\u00e4ischen Workshop einfallen lassen und das Spontantheater im Stadtgarten unter Einbeziehung aller 60 Teilnehmer inszeniert.<br \/>\n\u201eJetzt probeweise schon mal jubeln\u201d, t\u00f6nt es aus einem Megaphon, und ganz brav lassen die Passanten f\u00e4hnchenschwenkend einen noch zu erwartenden \u201eHerrn Koljakow\u201d hochleben. Vorerst \u00fcbernimmt ein fiktiver Bundestagsabgeordneter namens Wegener den Part des Einpeitschers und stimmte die Anwesenden auf den Besuch des russischen Herrn ein. Dass sich neben der Jubelgruppe auch eine renitente Buh-Gruppe etabliert hat, geh\u00f6rt zum Programm und verleiht der Satire einen weiteren Hauch an Realit\u00e4t. \u201eIst das hier politisch\u201d, fragt spitz ein \u00e4lterer Herr und will schon weitergehen. Doch mittlerweile hat<br \/>\nsich eine Menge Publikum angesammelt und so bleibt er noch dabei, ganz offenbar immer noch zweifelnd, was sich denn da abspielt.<\/p>\n<p>Den vollst\u00e4ndigen Artikel der Emder Zeitung vom 07.05.2012 finden sie hier: <a href=\"http:\/\/theartic-emden.de\/wp-content\/uploads\/2012\/05\/EZ07052012_Theartic_Europa_Stadtgartenaktion.pdf\" target=\"_blank\">Zum Artikel (PDF)<\/a><\/p>\n","protected":false},"excerpt":{"rendered":"<p>Emden. Ein Flatterband trennt \u201edie bessere Gesellschaft\u201d und den gemeinen B\u00fcrger, Ordner mit Marx Brother-Outfit und Mafia-Attit\u00fcde sorgen f\u00fcr den Einhalt der Grenzlinie. F\u00e4hnchen werden verteilt. \u201eSind das etwa russische\u201d, emp\u00f6rte sich ein Passant, der noch nicht ganz im Bilde &hellip; <a href=\"http:\/\/theartic-emden.de\/?p=374\">Weiterlesen <span class=\"meta-nav\">&rarr;<\/span><\/a><\/p>\n","protected":false},"author":1,"featured_media":0,"comment_status":"closed","ping_status":"closed","sticky":false,"template":"","format":"standard","meta":{"ngg_post_thumbnail":0},"categories":[1],"tags":[],"_links":{"self":[{"href":"http:\/\/theartic-emden.de\/index.php?rest_route=\/wp\/v2\/posts\/374"}],"collection":[{"href":"http:\/\/theartic-emden.de\/index.php?rest_route=\/wp\/v2\/posts"}],"about":[{"href":"http:\/\/theartic-emden.de\/index.php?rest_route=\/wp\/v2\/types\/post"}],"author":[{"embeddable":true,"href":"http:\/\/theartic-emden.de\/index.php?rest_route=\/wp\/v2\/users\/1"}],"replies":[{"embeddable":true,"href":"http:\/\/theartic-emden.de\/index.php?rest_route=%2Fwp%2Fv2%2Fcomments&post=374"}],"version-history":[{"count":1,"href":"http:\/\/theartic-emden.de\/index.php?rest_route=\/wp\/v2\/posts\/374\/revisions"}],"predecessor-version":[{"id":377,"href":"http:\/\/theartic-emden.de\/index.php?rest_route=\/wp\/v2\/posts\/374\/revisions\/377"}],"wp:attachment":[{"href":"http:\/\/theartic-emden.de\/index.php?rest_route=%2Fwp%2Fv2%2Fmedia&parent=374"}],"wp:term":[{"taxonomy":"category","embeddable":true,"href":"http:\/\/theartic-emden.de\/index.php?rest_route=%2Fwp%2Fv2%2Fcategories&post=374"},{"taxonomy":"post_tag","embeddable":true,"href":"http:\/\/theartic-emden.de\/index.php?rest_route=%2Fwp%2Fv2%2Ftags&post=374"}],"curies":[{"name":"wp","href":"https:\/\/api.w.org\/{rel}","templated":true}]}}