{"id":4045,"date":"2024-04-18T20:05:26","date_gmt":"2024-04-18T20:05:26","guid":{"rendered":"https:\/\/theartic-emden.de\/?p=4045"},"modified":"2024-04-23T20:09:35","modified_gmt":"2024-04-23T20:09:35","slug":"thematik-auch-in-emden-realitaet-oz-18-04-2024","status":"publish","type":"post","link":"http:\/\/theartic-emden.de\/?p=4045","title":{"rendered":"Thematik auch in Emden Realit\u00e4t (OZ, 18.04.2024)"},"content":{"rendered":"<p><img loading=\"lazy\" class=\"alignleft size-large wp-image-4042\" src=\"http:\/\/theartic-emden.de\/wp-content\/uploads\/2024\/04\/2024-04-18-OZ-Thematik-auch-in-Emden-Realitaet-1024x524.png\" alt=\"\" width=\"640\" height=\"328\" srcset=\"http:\/\/theartic-emden.de\/wp-content\/uploads\/2024\/04\/2024-04-18-OZ-Thematik-auch-in-Emden-Realitaet-1024x524.png 1024w, http:\/\/theartic-emden.de\/wp-content\/uploads\/2024\/04\/2024-04-18-OZ-Thematik-auch-in-Emden-Realitaet-480x246.png 480w, http:\/\/theartic-emden.de\/wp-content\/uploads\/2024\/04\/2024-04-18-OZ-Thematik-auch-in-Emden-Realitaet-768x393.png 768w, http:\/\/theartic-emden.de\/wp-content\/uploads\/2024\/04\/2024-04-18-OZ-Thematik-auch-in-Emden-Realitaet-1536x786.png 1536w, http:\/\/theartic-emden.de\/wp-content\/uploads\/2024\/04\/2024-04-18-OZ-Thematik-auch-in-Emden-Realitaet.png 1545w\" sizes=\"(max-width: 640px) 100vw, 640px\" \/><\/p>\n<p>zum Nachlesen:<br \/>\n<!--more--><\/p>\n<p>\u201eThematik auch in Emden Realit\u00e4t\u201c<\/p>\n<p>Zum Auftritt der Theatergruppe Theartic schreibt&nbsp;<strong>Alice Harms-Collmann<\/strong>&nbsp;aus Emden:<\/p>\n<p>Am vergangenen Wochenende pr\u00e4sentierte Theartic eine fantastische Vorstellung in der Nordseehalle mit dem Titel \u201eVon welchen, die auszogen, eine Wohnung zu finden\u201c. Das Thema Wohnungsnot war umfassend recherchiert und fundiert aus der Perspektive der Wohnungssuchenden und der zust\u00e4ndigen Beh\u00f6rden, welche bei der Wohnungssuche unterst\u00fctzen sollen, dargestellt. Sehr eindr\u00fccklich wurde die Notlage auf beiden Seiten gezeigt. Die Theatergruppe stellte die Problematik beeindruckend und sehr gelungen dar. An dieser Stelle ein gro\u00dfes Lob an alle Beteiligten f\u00fcr die hervorragende Leistung.<\/p>\n<p>Erschreckend daran ist, dass die Thematik auch in Emden der Realit\u00e4t entspricht. Als Berufsbetreuerin erlebe ich die steigende Wohnungsnot, vor allem im niedrigen und mittleren Preissegment. In Emden steigt die Zahl der Obdachlosen, viele Menschen leben in unw\u00fcrdigen Wohnungen.<\/p>\n<p>Als langj\u00e4hriges Mitglied des \u201eB\u00fcndnis besser Wohnen in Emden\u201c blicke ich auf vielf\u00e4ltige Bem\u00fchungen zur\u00fcck, in welchen wir an die zust\u00e4ndigen Gremien der Emder Stadtverwaltung und des Emder Rates appellieren. Wir werden zwar angeh\u00f6rt, Umsetzungen zur Wohnraumschaffung oder Sanierung sind allerdings kaum erkennbar. Wie im Theaterst\u00fcck verdeutlicht, werden steigende Zinsen und Baukosten mit hohen Standards in den Bauverordnungen als Grund angef\u00fchrt. Hier ist meiner Ansicht nach Kreativit\u00e4t, ein Blick \u00fcber den Tellerrand in Richtung anderer St\u00e4dte und vor allem der Wille zur Problembegegnung, gefragt.<\/p>\n<p>Im Schlussakt des Theaterst\u00fcckes gab es ein Potpourri an L\u00f6sungsideen: ein zentrales Portal zum Wohnungstausch, Umnutzung von leerstehenden B\u00fcro- und Gewerbefl\u00e4chen, L\u00fcckenbebauung, und so weiter. Auch wurde auf die politische Verantwortung hingewiesen. Im UN-Sozialpakt, Art. 11, ist der Anspruch auf eine angemessene Unterkunft als Menschenrecht verankert. Ich w\u00fcnsche allen B\u00fcrgerinnen und B\u00fcrgern der Stadt Emden ein angemessenes und w\u00fcrdiges Zuhause.<\/p>\n<p>\u201eWichtiges<br \/>\nThema gespielt\u201c<\/p>\n<p>Zum gleichen Thema schreibt&nbsp;<strong>Erwin Wenzel<\/strong>&nbsp;aus Suurhusen:<\/p>\n<p>Es ist schon in mehrfacher Hinsicht ein starkes St\u00fcck, das die Theaterwerkstatt Theartic auf die B\u00fchne gebracht hat. Da ist erstens der Inhalt des St\u00fccks. In deutlicher, klarer Sprache werden die Wohnungsnot vieler Menschen und die Profitgier als Ursache benannt. Wohnung als Ware, obwohl es doch ein Menschenrecht ist. Zudem legt unser Grundgesetz die Sozialpflichtigkeit des Eigentums fest. Interessiert das die politische Klasse? Nein! Es gibt doch genug konstruktive Vorschl\u00e4ge. Warum geschieht das Falsche?<\/p>\n<p>Da ist zweitens eine sehr \u00fcberzeugende Inszenierung, die in Form von Collagen das Thema verdichtend zeigt. Da ist drittens \u2013 ohne irgendeine Schauspielerin , einen Schauspieler hervorzuheben \u2013 ein Ensemble, das mit Herzblut und sehr emotional die Inhalte gekonnt und ausdrucksstark spielt.<\/p>\n<p>Das Thema Wohnungsnot hat auch mit Emden zu tun, vor allem aber in allen Gro\u00dfst\u00e4dten. So w\u00e4re zu w\u00fcnschen, dass das St\u00fcck \u201eVon welchen, die auszogen, eine Wohnung zu finden\u201c in Berlin aufgef\u00fchrt werden kann und die Regierung in einer Extravorstellung mehr als nur Statistiken sieht.<\/p>\n<p>&nbsp;<\/p>\n","protected":false},"excerpt":{"rendered":"<p>zum Nachlesen:<\/p>\n","protected":false},"author":1,"featured_media":0,"comment_status":"closed","ping_status":"closed","sticky":false,"template":"","format":"standard","meta":{"ngg_post_thumbnail":0},"categories":[1],"tags":[],"_links":{"self":[{"href":"http:\/\/theartic-emden.de\/index.php?rest_route=\/wp\/v2\/posts\/4045"}],"collection":[{"href":"http:\/\/theartic-emden.de\/index.php?rest_route=\/wp\/v2\/posts"}],"about":[{"href":"http:\/\/theartic-emden.de\/index.php?rest_route=\/wp\/v2\/types\/post"}],"author":[{"embeddable":true,"href":"http:\/\/theartic-emden.de\/index.php?rest_route=\/wp\/v2\/users\/1"}],"replies":[{"embeddable":true,"href":"http:\/\/theartic-emden.de\/index.php?rest_route=%2Fwp%2Fv2%2Fcomments&post=4045"}],"version-history":[{"count":3,"href":"http:\/\/theartic-emden.de\/index.php?rest_route=\/wp\/v2\/posts\/4045\/revisions"}],"predecessor-version":[{"id":4048,"href":"http:\/\/theartic-emden.de\/index.php?rest_route=\/wp\/v2\/posts\/4045\/revisions\/4048"}],"wp:attachment":[{"href":"http:\/\/theartic-emden.de\/index.php?rest_route=%2Fwp%2Fv2%2Fmedia&parent=4045"}],"wp:term":[{"taxonomy":"category","embeddable":true,"href":"http:\/\/theartic-emden.de\/index.php?rest_route=%2Fwp%2Fv2%2Fcategories&post=4045"},{"taxonomy":"post_tag","embeddable":true,"href":"http:\/\/theartic-emden.de\/index.php?rest_route=%2Fwp%2Fv2%2Ftags&post=4045"}],"curies":[{"name":"wp","href":"https:\/\/api.w.org\/{rel}","templated":true}]}}