{"id":744,"date":"2012-12-21T05:18:06","date_gmt":"2012-12-21T05:18:06","guid":{"rendered":"http:\/\/theartic-emden.de\/?p=744"},"modified":"2012-12-21T06:19:15","modified_gmt":"2012-12-21T06:19:15","slug":"oz-21-12-2012-apollo-kauf-die-lage-bietet-viele-moglichkeiten","status":"publish","type":"post","link":"http:\/\/theartic-emden.de\/?p=744","title":{"rendered":"OZ 21.12.2012: Apollo-Kauf: Die Lage bietet viele M\u00f6glichkeiten"},"content":{"rendered":"<p>Emden \/SR &#8211; Der Verwaltungsvorstand der Stadt Emden rechtfertigte gestern beim Jahrespressegespr\u00e4ch den umstrittenen Ankauf des fr\u00fcheren Apollo-Kinos. Oberb\u00fcrgermeister Bernd Bornemann hatte bereits am Donnerstag mitgeteilt, dass die Stadt Emden sowohl das Grundst\u00fcck als auch das teilweise denkmalgesch\u00fctzte Geb\u00e4ude erworben habe. \u201eDie Lage bietet viele M\u00f6glichkeiten\u201c, sagte Bornemann.<\/p>\n<p>Das Apollo-Kino ist seit der Kommunalwahl September 2011 ein gro\u00dfes Thema, weil die SPD-Mehrheit im Emder Rat daf\u00fcr ist, das ehemalige Apollo-Kino in ein Kulturzentrum umbauen zu lassen. Mit dem Ankauf von Grundst\u00fcck und Geb\u00e4ude hat dieser Plan eine neue Qualit\u00e4t erhalten.<\/p>\n<p>Wie das Geb\u00e4ude genau genutzt werden soll, ist noch offen. Es gibt auf jeden Fall Interessenten wie die Volkshochschule, die Platz und auch einen Kinosaal f\u00fcr ihr Filmfest ben\u00f6tigt. Auch der weit \u00fcber Emden hinaus bekannte Theaterverein \u201eTheartic\u201c, der Apollo-Verein oder die Hochschule Emden\/Leer wurden von Bornemann als m\u00f6gliche Nutzer genannt.<!--more--><\/p>\n<p>Im kommenden Jahr sollen Architekten einen \u00dcberblick geben, was mit den R\u00e4umlichkeiten des Apollo-Geb\u00e4udes \u00fcberhaupt gemacht werden kann und wie teuer das werden k\u00f6nnte. \u201eErst dann wird es ein Konzept geben, das unter einer breiten Beteiligung der \u00d6ffentlichkeit diskutiert werden wird\u201c, sagte Bornemann. Man denke auch an eine direkte Beteiligung der Emder.<\/p>\n<p>Der Oberb\u00fcrgermeister will die Diskussion aber nicht nur auf die bisher genannten Benutzer beschr\u00e4nken. \u201eDer Besitz eines solchen Grundst\u00fccks und eines solchen Geb\u00e4udes kann f\u00fcr die Stadt nur von Vorteil sein, egal wof\u00fcr es sp\u00e4ter wirklich gebraucht wird\u201c, sagte der Oberb\u00fcrgermeister. Es geh\u00f6re durchaus zur Strategie der Stadt Emden, solche Grundst\u00fccke zu erwerben.<\/p>\n<p>CDU und FDP haben den Apollo-Ankauf gestern heftig kritisiert. CDU-Fraktionschef Helmut Bongartz verlangte Auskunft von der Stadtspitze dar\u00fcber, welche Kosten dadurch entstehen. Er rechnet damit, dass der Kauf unterm Strich mehr kostete als die 400  000 Euro, die im Haushalt 2012 stehen. Er wundert sich auch dar\u00fcber, dass Architekten das Geb\u00e4ude untersuchen sollen, obwohl im n\u00e4chsten Jahr \u00fcberhaupt kein Geld im Haushalt eingeplant ist.<\/p>\n<p>Die FDP-Fraktion im Emder Rat nahm den Ankauf \u201emit Kopfsch\u00fctteln\u201c zur Kenntnis. So dr\u00fcckte sich Ratsfrau Hillgriet Eilers aus. K\u00fcnftige Haushalte w\u00fcrden dadurch \u201eohne Notwendigkeit\u201c belastet. <\/p>\n<p>OZ-Artikel vom 21.12.2012 als PDF: <a href='http:\/\/theartic-emden.de\/wp-content\/uploads\/2012\/12\/OZ21122012_Stadt_kauft_Apollo.pdf'>Hier klicken!<\/a><\/p>\n","protected":false},"excerpt":{"rendered":"<p>Emden \/SR &#8211; Der Verwaltungsvorstand der Stadt Emden rechtfertigte gestern beim Jahrespressegespr\u00e4ch den umstrittenen Ankauf des fr\u00fcheren Apollo-Kinos. Oberb\u00fcrgermeister Bernd Bornemann hatte bereits am Donnerstag mitgeteilt, dass die Stadt Emden sowohl das Grundst\u00fcck als auch das teilweise denkmalgesch\u00fctzte Geb\u00e4ude erworben &hellip; <a href=\"http:\/\/theartic-emden.de\/?p=744\">Weiterlesen <span class=\"meta-nav\">&rarr;<\/span><\/a><\/p>\n","protected":false},"author":1,"featured_media":0,"comment_status":"closed","ping_status":"closed","sticky":false,"template":"","format":"standard","meta":{"ngg_post_thumbnail":0},"categories":[1,5],"tags":[],"_links":{"self":[{"href":"http:\/\/theartic-emden.de\/index.php?rest_route=\/wp\/v2\/posts\/744"}],"collection":[{"href":"http:\/\/theartic-emden.de\/index.php?rest_route=\/wp\/v2\/posts"}],"about":[{"href":"http:\/\/theartic-emden.de\/index.php?rest_route=\/wp\/v2\/types\/post"}],"author":[{"embeddable":true,"href":"http:\/\/theartic-emden.de\/index.php?rest_route=\/wp\/v2\/users\/1"}],"replies":[{"embeddable":true,"href":"http:\/\/theartic-emden.de\/index.php?rest_route=%2Fwp%2Fv2%2Fcomments&post=744"}],"version-history":[{"count":4,"href":"http:\/\/theartic-emden.de\/index.php?rest_route=\/wp\/v2\/posts\/744\/revisions"}],"predecessor-version":[{"id":749,"href":"http:\/\/theartic-emden.de\/index.php?rest_route=\/wp\/v2\/posts\/744\/revisions\/749"}],"wp:attachment":[{"href":"http:\/\/theartic-emden.de\/index.php?rest_route=%2Fwp%2Fv2%2Fmedia&parent=744"}],"wp:term":[{"taxonomy":"category","embeddable":true,"href":"http:\/\/theartic-emden.de\/index.php?rest_route=%2Fwp%2Fv2%2Fcategories&post=744"},{"taxonomy":"post_tag","embeddable":true,"href":"http:\/\/theartic-emden.de\/index.php?rest_route=%2Fwp%2Fv2%2Ftags&post=744"}],"curies":[{"name":"wp","href":"https:\/\/api.w.org\/{rel}","templated":true}]}}