{"id":760,"date":"2013-01-15T05:51:00","date_gmt":"2013-01-15T05:51:00","guid":{"rendered":"http:\/\/theartic-emden.de\/?p=760"},"modified":"2013-01-15T05:52:59","modified_gmt":"2013-01-15T05:52:59","slug":"ez-15-01-2013-theaterwerkstatt-wird-mit-25-000-euro-gefordert","status":"publish","type":"post","link":"http:\/\/theartic-emden.de\/?p=760","title":{"rendered":"EZ 15.01.2013 Theaterwerkstatt wird mit 25 000 Euro gef\u00f6rdert"},"content":{"rendered":"<p>Emden \/ Hannover. Die Emder Theaterwerkstatt Theartic e. V., die mit Behinderten und Nichtbehinderten arbeitet, erf\u00e4hrt vom Land Niedersachsen F\u00f6rderung zum Aufbau ihrer Organisationsstruktur. Der Verein erh\u00e4lt aus einem Fonds des Ministeriums f\u00fcr Wissenschaft und Kultur rund 25 000 Euro f\u00fcr Projektf\u00f6rderung im Bereich der Soziokultur. Im letzten Jahr hatte das Land erstmals mit 30 000 Euro gef\u00f6rdert.<br \/>\nVereinsvorsitzende Ulrike Heymann: \u201eWir machen zwar inhaltlich professionelle Arbeit, aber wir ben\u00f6tigen auch eine geeignete organisatorische Struktur.\u201d Mit dem Geld aus Hannover war im letzten Jahr eine halbe Stelle f\u00fcr die Gesch\u00e4ftsf\u00fchrung des Vereins eingerichtet worden. \u201eBisher fand diese Arbeit ehrenamtlich bei mir im Wohnzimmer statt\u201d, beschreibt Ulrike Heymann die Situation des Vereins, der auch auf europ\u00e4ischer Ebene mit seiner Arbeit immer st\u00e4rker in den Fokus r\u00fcckt. Trotz aller Bem\u00fchungen und trotz der Unterst\u00fctzung der Stadtverwaltung lie\u00df sich aber bisher noch kein geeigneter B\u00fcroraum finden.<!--more--><br \/>\nInsgesamt konnte das Ministerium 19 Antr\u00e4ge auf Investitionen (Volumen: rund eine Million Euro) und 19 Antr\u00e4ge auf Projektf\u00f6rderung bewilligen. \u201eDas Geld hilft, wichtige Investitionen in soziokulturellen Einrichtungen realisieren zu k\u00f6nnen. Von dem F\u00f6rderprogramm profitiert die Soziokultur in ganz Niedersachsen\u201c, betonte Kulturministerin Professor Dr. Johanne Wanka gestern.<br \/>\nTheartic hofft nun, auch im n\u00e4chsten Jahr wieder unter den Vereinen zu sein, die &#8211; dann letztmalig &#8211; F\u00f6rderung durch das Land aus diesem Topf erfahren.<\/p>\n<p>EZ-Artikel zum Herunterladen (PDF): <a href=\"http:\/\/theartic-emden.de\/wp-content\/uploads\/2013\/01\/EZ1501_Theartic_Strukturfoerderung.pdf\" target=\"_blank\">HIER klicken!<\/a><\/p>\n","protected":false},"excerpt":{"rendered":"<p>Emden \/ Hannover. Die Emder Theaterwerkstatt Theartic e. V., die mit Behinderten und Nichtbehinderten arbeitet, erf\u00e4hrt vom Land Niedersachsen F\u00f6rderung zum Aufbau ihrer Organisationsstruktur. Der Verein erh\u00e4lt aus einem Fonds des Ministeriums f\u00fcr Wissenschaft und Kultur rund 25 000 Euro &hellip; <a href=\"http:\/\/theartic-emden.de\/?p=760\">Weiterlesen <span class=\"meta-nav\">&rarr;<\/span><\/a><\/p>\n","protected":false},"author":1,"featured_media":0,"comment_status":"closed","ping_status":"closed","sticky":false,"template":"","format":"standard","meta":{"ngg_post_thumbnail":0},"categories":[5],"tags":[],"_links":{"self":[{"href":"http:\/\/theartic-emden.de\/index.php?rest_route=\/wp\/v2\/posts\/760"}],"collection":[{"href":"http:\/\/theartic-emden.de\/index.php?rest_route=\/wp\/v2\/posts"}],"about":[{"href":"http:\/\/theartic-emden.de\/index.php?rest_route=\/wp\/v2\/types\/post"}],"author":[{"embeddable":true,"href":"http:\/\/theartic-emden.de\/index.php?rest_route=\/wp\/v2\/users\/1"}],"replies":[{"embeddable":true,"href":"http:\/\/theartic-emden.de\/index.php?rest_route=%2Fwp%2Fv2%2Fcomments&post=760"}],"version-history":[{"count":3,"href":"http:\/\/theartic-emden.de\/index.php?rest_route=\/wp\/v2\/posts\/760\/revisions"}],"predecessor-version":[{"id":762,"href":"http:\/\/theartic-emden.de\/index.php?rest_route=\/wp\/v2\/posts\/760\/revisions\/762"}],"wp:attachment":[{"href":"http:\/\/theartic-emden.de\/index.php?rest_route=%2Fwp%2Fv2%2Fmedia&parent=760"}],"wp:term":[{"taxonomy":"category","embeddable":true,"href":"http:\/\/theartic-emden.de\/index.php?rest_route=%2Fwp%2Fv2%2Fcategories&post=760"},{"taxonomy":"post_tag","embeddable":true,"href":"http:\/\/theartic-emden.de\/index.php?rest_route=%2Fwp%2Fv2%2Ftags&post=760"}],"curies":[{"name":"wp","href":"https:\/\/api.w.org\/{rel}","templated":true}]}}