{"id":785,"date":"2013-01-29T08:45:36","date_gmt":"2013-01-29T08:45:36","guid":{"rendered":"http:\/\/theartic-emden.de\/?p=785"},"modified":"2013-01-29T08:48:03","modified_gmt":"2013-01-29T08:48:03","slug":"oz-29-01-2013-%e2%80%9ekunst-ist-schon-%e2%80%93-macht-aber-viel-arbeit%e2%80%9c","status":"publish","type":"post","link":"http:\/\/theartic-emden.de\/?p=785","title":{"rendered":"OZ 29.01.2013: \u201eKunst ist sch\u00f6n \u2013 macht aber viel Arbeit\u201c"},"content":{"rendered":"<p><strong><img loading=\"lazy\" class=\"aligncenter size-full wp-image-788\" title=\"OZ29012013_ThearticBild\" src=\"http:\/\/theartic-emden.de\/wp-content\/uploads\/2013\/01\/OZ29012013_ThearticBild.jpg\" alt=\"\" width=\"640\" height=\"382\" srcset=\"http:\/\/theartic-emden.de\/wp-content\/uploads\/2013\/01\/OZ29012013_ThearticBild.jpg 640w, http:\/\/theartic-emden.de\/wp-content\/uploads\/2013\/01\/OZ29012013_ThearticBild-480x286.jpg 480w\" sizes=\"(max-width: 640px) 100vw, 640px\" \/>Emden. <\/strong>\u201eKunst ist sch\u00f6n, macht aber viel Arbeit\u201c \u2013 Ulrike  Heymann muss nicht lange \u00fcberlegen, um zehn Jahre Theartic  zusammenzufassen. Sie zitiert Karl Valentin, und es klingt nicht so, als  t\u00e4te sie das zum ersten Mal. Als Vorsitzende und Initiatorin des Emder  Vereins, der Behinderte und Nichtbehinderte zusammenbringt und als  Mannschaft zu Kulturschaffenden macht, wei\u00df sie um beide Seiten der  Kunst. Den Reiz sp\u00fcrt die Musik- und Theaterp\u00e4dagogin oft, den damit  verbundenen Aufwand bekommt sie h\u00e4ufig zu sp\u00fcren.<\/p>\n<p>Heymann war es,  die 2002 die Idee zu einem Theaterensemble mit nicht allt\u00e4glicher  Besetzung hatte, das sich im Laufe der Zeit nicht nur in Emden einen  Namen gemacht hat. \u201eAuch in Hannover sind wir inzwischen so bekannt,  dass man Theartic nicht mehr so oft erkl\u00e4ren muss\u201c, sagt Beate Kegler,  die Gesch\u00e4ftsf\u00fchrerin ist. Auf solch professionellen F\u00fc\u00dfen steht der  Verein erst seit dem vergangenen Jahr, als das Land eine  Strukturf\u00f6rderung bewilligte. Den Rumpf bildet trotzdem weiterhin das  Ehrenamt. Vorsitzende Heymann spricht von einem wunderbar engagierten  Leitungsteam, von Mitgliedern, die sich einbringen und von Netzwerken,  auf die man zur\u00fcckgreifen kann. \u201eNur so geht das.\u201c<\/p>\n<p>An  Unterst\u00fctzung hat es dem Verein und der Idee dahinter von Beginn an  nicht gefehlt. F\u00fcr den ersten Versuch einer Theaterprobe 2003 hatten  Heymann und ihre damalige Kollegin Karin Emrich beschlossen: \u201eWenn acht  Leute kommen, fangen wir an.\u201c Tats\u00e4chlich tauchten mehr als 20  Interessierte auf. Theartic war geboren.<!--more--><\/p>\n<p>Auch bei den  Auff\u00fchrungen des ersten St\u00fccks im Jahr darauf waren die Erwartungen  verhalten, der Zuspruch aber enorm: \u201eSchr\u00f6der kommt!\u201c spielte dreimal in  der Alten Post vor ausverkauftem Haus. Es brachte der Truppe mehr als  Lorbeeren: Bis dahin eher Mangelware, meldeten sich viele Menschen ohne  Behinderung, die mitspielen wollten.<\/p>\n<p>Seitdem ist der Verein  stetig weiter in die Breite und H\u00f6he gegangen. Sechs eigene  Theaterproduktionen hat das Erwachsenen-Ensemble bisher auf die B\u00fchne  gebracht. Die Alte Post reicht l\u00e4ngst nicht mehr aus: Seit 2006 spielt  die Truppe im Neuen Theater. Schon 2005 \u00fcbernahm der Verein den Chor der  Lebenshilfe und schlug mit dem \u201eTheartiChor\u201c f\u00fcr sich neue T\u00f6ne an.  Ebenfalls 2005 wurde der Grundstein f\u00fcr die Kindertheatergruppe Theartic  junior gelegt.<\/p>\n<p>Der Zeit war der Verein um einiges voraus.  Gegr\u00fcndet mit dem Ziel, Menschen mit und ohne Behinderung die  M\u00f6glichkeit zu geben, sich gemeinsam und gleichberechtigt k\u00fcnstlerisch  zu bet\u00e4tigen, stellt Vorstandsmitglied Inge Rhoden-Wohlers fest: \u201eMit  der Inklusion haben wir schon vor zehn Jahren begonnen.\u201c Heymann sieht  Theartic l\u00e4ngst als soziale Institution. Unter dem Schirm der Kunst  kommen Menschen aus allen Schichten, mit den verschiedensten \u2013 nicht  immer erkennbaren \u2013 Einschr\u00e4nkungen oder ohne zusammen. \u201eDie Kombination  ist besonders reizvoll.\u201c<\/p>\n<p>Und Heymann hat gemerkt: Die Geschichte  von Theartic hat nicht nur bei den Mitwirkenden was bewegt. Auch  Zuschauer sehen anders. \u201eUnser Publikum merkt, dass es keine Rolle  spielt, ob jemand eine Behinderung hat oder nicht.\u201c Aber nicht nur im  Spiel auf der B\u00fchne, auch allgemein sp\u00fcre man, dass sich die Wahrnehmung  langsam \u00e4ndere \u2013 Grenzen dabei sind, sich aufzul\u00f6sen.<\/p>\n<p>Seine  Erfahrungen mit dem grenzenlosen Europa sammelte Theartic im vergangenen  Jahr sammeln. Als Teilnehmer eines l\u00e4nder\u00fcbergreifenden Projekts reiste  man mit 45 Schauspielern und Musikern f\u00fcr ein Gastspiel zu einem  Festivaltreffen nach Prag. Dort wurden die Emder vom Publikum gefeiert.  Noch wichtiger aber das Erlebnis des Zusammenhalts. Der sei einfach toll  gewesen, sagt Dr. Eva Nduka-Agwu vom Vorstand. Was sie beeindruckend  fand: \u201eJeder hat auf jeden geachtet\u201c \u2013 auch das geh\u00f6rt zu den Dingen,  die sich in zehn Jahren Theartic entwickelt haben.<\/p>\n<p>Vom R\u00fcckblick  zum Ausblick: Um die Zukunft muss dem Verein nicht bange sein. Es gibt  genug kreatives Potenzial, ehrenamtlich mitarbeitende Profis, Partner  wie \u201eDas Boot\u201c und die Malschule&#8230;, sogar Geldsorgen gibt es  momentan keine. \u201eWas die Finanzen angeht, ist alles gut\u201c, sagt  Gesch\u00e4ftsf\u00fchrerin Kegler. Dank einer Grundf\u00f6rderung durch die Stadt  Emden hat Theartic gute Chancen bei Antr\u00e4gen auf projektbezogene  F\u00f6rdermittel. Was Kegler freut und stolz macht: \u201eIm vergangenen Jahr  wurden alle bewilligt, das ist so unglaublich.\u201c Es sei gelungen, jeden  Euro, den die Stadt Emden gibt, zu verachtfachen.<\/p>\n<p>Auch die  Spenden, die der Verein erh\u00e4lt, sind gestiegen. So hat beispielsweise  Remmer Edzards, Chef der Stadtwerke, anl\u00e4sslich seiner Verabschiedung um  Geldgeschenke f\u00fcr Theartic gebeten. Mehr als 5000 Euro kamen zusammen.<\/p>\n<p>F\u00fcr  die Rundum-Zufriedenheit fehlt langfristig ein Haus mit B\u00fchne,  Lagerr\u00e4umen \u2013 eben allem Drum und Dran. Im Moment w\u00fcrde eine  Gesch\u00e4ftsstelle reichen \u2013 \u201ekosteng\u00fcnstig und barrierefrei\u201c, nutzbar als  B\u00fcro, Treffpunkt und Anlaufstelle. Das Apollo hat der Vorstand dabei im  Kopf \u2013 will mehr dazu aber noch nicht sagen.<\/p>\n<p>Lieber spricht man  derzeit \u00fcber eine andere Idee: Theartic bezieht leerstehende Gesch\u00e4fte  in der Innenstadt. Wechselt, sobald sich Mieter finden, und macht die  Umz\u00fcge zum Ereignis. Damit kommt mehr Leben in die Fu\u00dfg\u00e4ngerzone.  Heymann: \u201eDas ist doch kein schlechter Plan?!\u201c<\/p>\n<p>OZ-Artikel vom 29. Januar 2013 als Download (PDF): <a href=\"http:\/\/theartic-emden.de\/wp-content\/uploads\/2013\/01\/OZ29012013_VorberichtFestakt10JahreTheartic.pdf\" target=\"_blank\">HIER klicken!<\/a><\/p>\n","protected":false},"excerpt":{"rendered":"<p>Emden. \u201eKunst ist sch\u00f6n, macht aber viel Arbeit\u201c \u2013 Ulrike Heymann muss nicht lange \u00fcberlegen, um zehn Jahre Theartic zusammenzufassen. Sie zitiert Karl Valentin, und es klingt nicht so, als t\u00e4te sie das zum ersten Mal. Als Vorsitzende und Initiatorin &hellip; <a href=\"http:\/\/theartic-emden.de\/?p=785\">Weiterlesen <span class=\"meta-nav\">&rarr;<\/span><\/a><\/p>\n","protected":false},"author":1,"featured_media":0,"comment_status":"closed","ping_status":"closed","sticky":false,"template":"","format":"standard","meta":{"ngg_post_thumbnail":0},"categories":[5],"tags":[],"_links":{"self":[{"href":"http:\/\/theartic-emden.de\/index.php?rest_route=\/wp\/v2\/posts\/785"}],"collection":[{"href":"http:\/\/theartic-emden.de\/index.php?rest_route=\/wp\/v2\/posts"}],"about":[{"href":"http:\/\/theartic-emden.de\/index.php?rest_route=\/wp\/v2\/types\/post"}],"author":[{"embeddable":true,"href":"http:\/\/theartic-emden.de\/index.php?rest_route=\/wp\/v2\/users\/1"}],"replies":[{"embeddable":true,"href":"http:\/\/theartic-emden.de\/index.php?rest_route=%2Fwp%2Fv2%2Fcomments&post=785"}],"version-history":[{"count":5,"href":"http:\/\/theartic-emden.de\/index.php?rest_route=\/wp\/v2\/posts\/785\/revisions"}],"predecessor-version":[{"id":793,"href":"http:\/\/theartic-emden.de\/index.php?rest_route=\/wp\/v2\/posts\/785\/revisions\/793"}],"wp:attachment":[{"href":"http:\/\/theartic-emden.de\/index.php?rest_route=%2Fwp%2Fv2%2Fmedia&parent=785"}],"wp:term":[{"taxonomy":"category","embeddable":true,"href":"http:\/\/theartic-emden.de\/index.php?rest_route=%2Fwp%2Fv2%2Fcategories&post=785"},{"taxonomy":"post_tag","embeddable":true,"href":"http:\/\/theartic-emden.de\/index.php?rest_route=%2Fwp%2Fv2%2Ftags&post=785"}],"curies":[{"name":"wp","href":"https:\/\/api.w.org\/{rel}","templated":true}]}}