{"id":806,"date":"2013-02-09T17:15:35","date_gmt":"2013-02-09T17:15:35","guid":{"rendered":"http:\/\/theartic-emden.de\/?p=806"},"modified":"2013-02-09T17:17:08","modified_gmt":"2013-02-09T17:17:08","slug":"oz-09-02-2013-aktionstag-fur-verein-theartic","status":"publish","type":"post","link":"http:\/\/theartic-emden.de\/?p=806","title":{"rendered":"OZ 09.02.2013: Aktionstag f\u00fcr Verein Theartic"},"content":{"rendered":"<p><strong>Emden <\/strong> &#8211; Mit einem kulinarischen Aktionstag engagierte sich  die Upstalsboom Hotel + Freizeit GmbH &amp; Co. KG auch in diesem Jahr  unter dem Motto \u201eDer Norden tut Gutes\u201c f\u00fcr ein gr\u00f6\u00dferes  gesellschaftliches Engagement. Zusammen mit 25 Mitgliedern des Emder  Vereins Theartic, der heute sein zehnj\u00e4hriges Bestehen feiert, haben die  Mitarbeiter des Upstalsboom-Parkhotels und der Firmenzentrale in Emden  eine Kochaktion veranstaltet.<\/p>\n<p>Theartic setzt sich mit  regelm\u00e4\u00dfigen Theaterproduktionen und Konzertprogrammen f\u00fcr die  gemeinsame und gleichberechtigte k\u00fcnstlerische Bet\u00e4tigung von  behinderten und nichtbehinderten Erwachsenen, Jugendlichen und Kindern  ein. Ziel der Kochaktion sei es gewesen, das zwischenmenschliche  Miteinander nachhaltig zu st\u00e4rken, teilte Hoteldirektor Dennis  Schweikard mit. \u201eInsgesamt ist der au\u00dfergew\u00f6hnliche Aktionstag sehr gut  angekommen. Er war eine Bereicherung und Anregung f\u00fcr alle Teilnehmer\u201c,  stellte er fest.<!--more--><\/p>\n<p>Neben spritzigen alkoholfreien Cocktails wurden  nicht nur verschiedene k\u00f6stliche Kanapee-Kreationen zubereitet. Die  Teilnehmer gaben diesen auch kreative Namen wie \u201eKleine Schweinerei\u201c,  \u201eIrokese\u201c oder \u201eNussspitze\u201c. Spannend wurde es bei der anschlie\u00dfenden  Verk\u00f6stigung, bei der es die besten Rezepte auszuw\u00e4hlen galt. Die zwei  Cocktail-Favoriten des Abends hie\u00dfen \u201eDie Welt zu Gast bei Manni\u201c und  \u201eAus dem Rahmen gefallen\u201c \u2013 so benannt in Anlehnung an bereits gezeigte  St\u00fccke des Theartic-Ensembles.<\/p>\n<p>Das Parkhotel und die  Upstalsboom-Zentrale in Emden haben den besonderen Aktionstag im Rahmen  des sozialen Projektes \u201eDer Norden tut Gutes\u201c entwickelt. Es ist bereits  seit 2010 j\u00e4hrlich als fester Bestandteil in der Philosophie der  Upstalsboom Hotel + Freizeit GmbH &amp; Co. KG verankert.<\/p>\n<p>OZ-Artikel zum Download (PDF): <a href=\"http:\/\/theartic-emden.de\/wp-content\/uploads\/2013\/02\/OZ0902103_Aktionstag_fuer_Theartic_Upstalsboom.pdf\" target=\"_blank\">Hier klicken!<\/a><\/p>\n","protected":false},"excerpt":{"rendered":"<p>Emden &#8211; Mit einem kulinarischen Aktionstag engagierte sich die Upstalsboom Hotel + Freizeit GmbH &amp; Co. KG auch in diesem Jahr unter dem Motto \u201eDer Norden tut Gutes\u201c f\u00fcr ein gr\u00f6\u00dferes gesellschaftliches Engagement. Zusammen mit 25 Mitgliedern des Emder Vereins &hellip; <a href=\"http:\/\/theartic-emden.de\/?p=806\">Weiterlesen <span class=\"meta-nav\">&rarr;<\/span><\/a><\/p>\n","protected":false},"author":1,"featured_media":0,"comment_status":"closed","ping_status":"closed","sticky":false,"template":"","format":"standard","meta":{"ngg_post_thumbnail":0},"categories":[5],"tags":[],"_links":{"self":[{"href":"http:\/\/theartic-emden.de\/index.php?rest_route=\/wp\/v2\/posts\/806"}],"collection":[{"href":"http:\/\/theartic-emden.de\/index.php?rest_route=\/wp\/v2\/posts"}],"about":[{"href":"http:\/\/theartic-emden.de\/index.php?rest_route=\/wp\/v2\/types\/post"}],"author":[{"embeddable":true,"href":"http:\/\/theartic-emden.de\/index.php?rest_route=\/wp\/v2\/users\/1"}],"replies":[{"embeddable":true,"href":"http:\/\/theartic-emden.de\/index.php?rest_route=%2Fwp%2Fv2%2Fcomments&post=806"}],"version-history":[{"count":3,"href":"http:\/\/theartic-emden.de\/index.php?rest_route=\/wp\/v2\/posts\/806\/revisions"}],"predecessor-version":[{"id":809,"href":"http:\/\/theartic-emden.de\/index.php?rest_route=\/wp\/v2\/posts\/806\/revisions\/809"}],"wp:attachment":[{"href":"http:\/\/theartic-emden.de\/index.php?rest_route=%2Fwp%2Fv2%2Fmedia&parent=806"}],"wp:term":[{"taxonomy":"category","embeddable":true,"href":"http:\/\/theartic-emden.de\/index.php?rest_route=%2Fwp%2Fv2%2Fcategories&post=806"},{"taxonomy":"post_tag","embeddable":true,"href":"http:\/\/theartic-emden.de\/index.php?rest_route=%2Fwp%2Fv2%2Ftags&post=806"}],"curies":[{"name":"wp","href":"https:\/\/api.w.org\/{rel}","templated":true}]}}