{"id":811,"date":"2013-02-11T07:30:19","date_gmt":"2013-02-11T07:30:19","guid":{"rendered":"http:\/\/theartic-emden.de\/?p=811"},"modified":"2013-02-11T08:40:01","modified_gmt":"2013-02-11T08:40:01","slug":"oz-11-02-2013-bunte-feier-und-eine-festrede-in-vier-akten","status":"publish","type":"post","link":"http:\/\/theartic-emden.de\/?p=811","title":{"rendered":"OZ 11.02.2013: Bunte Feier und eine Festrede in vier Akten"},"content":{"rendered":"<div>\n<p style=\"text-align: left;\"><strong><img loading=\"lazy\" class=\"aligncenter size-full wp-image-813\" title=\"OZ_theartic_festakt\" src=\"http:\/\/theartic-emden.de\/wp-content\/uploads\/2013\/02\/OZ_theartic_festakt.jpg\" alt=\"\" width=\"640\" height=\"171\" srcset=\"http:\/\/theartic-emden.de\/wp-content\/uploads\/2013\/02\/OZ_theartic_festakt.jpg 640w, http:\/\/theartic-emden.de\/wp-content\/uploads\/2013\/02\/OZ_theartic_festakt-480x128.jpg 480w\" sizes=\"(max-width: 640px) 100vw, 640px\" \/>Emden <\/strong> &#8211; Mit Musik, Humor, fr\u00f6hlichen und nachdenklichen Wortbeitr\u00e4gen und \u2013  nat\u00fcrlich \u2013 auch ein wenig Theater hat der Emder Kulturverein Theartic  f\u00fcr Behinderte und Nichtbehinderte am Sonnabend sein zehnj\u00e4hriges  Bestehen gefeiert. Rund 350 G\u00e4ste kamen zu diesem Anlass am Vormittag in  die Johannes-a-Lasco-Bibliothek.<\/p>\n<p>\u201eEins! Zwei! Drei&#8230;\u201c. Mit  diesen knappen Stichworten bat Musiker Arne Bohnet am Sonnabend nach und  nach all diejenigen auf die B\u00fchne, die im Laufe der vergangenen zehn  Jahre vor und hinter den Kulissen von Theartic gewirkt haben. Neben dem  Theaterensemble f\u00fcr Erwachsene sind das noch die Gruppe Theartic junior  f\u00fcr Kinder und Jugendliche sowie der gemischte Chor unter der Leitung  von Christina Dane.<\/p>\n<p>Dass der Verein in zehn Jahren bereits eine  Menge erreicht hat, hob Emdens B\u00fcrgermeisterin Andrea Risius hervor.  \u201eIhre T\u00e4tigkeit wird nicht nur in Emden, sondern auch bundes- und sogar  europaweit geachtet. Darauf k\u00f6nnen Sie stolz sein\u201c, so Risius. <!--more-->Im  vergangenen Jahr waren Mitglieder von Theartic als Teilnehmer eines  EU-Projekts zu einem Festivaltreffen nach Br\u00fcssel gereist. Im Mai  besuchten daraufhin 60 Teilnehmer aus neun europ\u00e4ischen L\u00e4ndern einen  Theaterworkshops in Emden. Im November besuchte das gesamte  Theartic-Team ein Festivaltreffen in Prag (die OZ berichtete).<\/p>\n<p>Malschulleiter  Engelbert Sommer sprach der Vorsitzenden von Theartic, Ulrike Heymann,  die er unter anderem als \u201eIdeen- und Impulsgeberin, Lokomotive und  Mutter des Vereins\u201c bezeichnete, seine Anerkennung aus. Heymann  unterstrich ihre Motivation, gute Theaterarbeit zu machen, ohne die  Behinderung der Mitwirkenden in den Vordergrund zu stellen. Sie und ihre  Vorstandskolleginnen hielten ihre Festrede in vier \u201eAkten\u201c.<\/p>\n<p>Sommer  appellierte in seiner Laudatio an die Stadt, R\u00e4ume und ausreichend  finanzielle Absicherung f\u00fcr den Verein bereitzustellen.<\/p>\n<p>Daran  kn\u00fcpfte auch Gesch\u00e4ftsf\u00fchrerin Beate Kegler an. Bisher proben Chor und  Theatergruppen im Kulturhaus Faldern und dem Zentrum f\u00fcr junge Menschen  (Alte Post). Requisiten und Kost\u00fcme m\u00fcssten anderweitig zwischengelagert  werden. \u201eZum Geburtstag kann man sich ja etwas w\u00fcnschen\u201c, sagte Kegler  mit einem Augenzwinkern. \u201eEmden k\u00f6nnte eine zentrale Adresse f\u00fcr  inklusive Kulturarbeit werden. Das Apollo \u2013 ja, das w\u00e4re schon etwas f\u00fcr  uns\u201c, sagte sie mit einem L\u00e4cheln, wohlwissend, dass die Nutzung des  Geb\u00e4udes derzeit eher ein \u201eReizthema\u201c sei.<\/p>\n<p>Ein gro\u00dfes Dankesch\u00f6n  richtete der Verein an den ehemaligen Gesch\u00e4ftsf\u00fchrer der Emder  Stadtwerke, Remmer Edzards. Dieser hatte bei seiner Verabschiedung auf  Geschenke verzichtet und stattdessen um eine Spende f\u00fcr Theartic  gebeten. Dabei kamen mehr als 7400 Euro zusammen. Edzards und seine Frau  erhielten zum Dank eine Dauerehreneintrittskarte f\u00fcr die  Veranstaltungen des Vereins.<\/p>\n<p>Anl\u00e4sslich des zehnj\u00e4hrigen Bestehens ist eine Ausstellung \u00fcber die Entwicklung von Theartic in der Schweizer Kirche zu sehen.<\/p>\n<p>\u25ba Artikel aus der OZ zum Download (PDF): <a href=\"http:\/\/theartic-emden.de\/wp-content\/uploads\/2013\/02\/OZ11022013_Theartic-FestaktDokument.pdf\" target=\"_blank\">HIER klicken!<\/a><br \/>\n\u25ba <a href=\"http:\/\/theartic-emden.de\/?page_id=857&amp;preview=true&amp;preview_id=857&amp;preview_nonce=f2dc16a8a3\">Mehr Fotos vom Festakt und der Ausstellungser\u00f6ffnung<\/a><\/p>\n<\/div>\n","protected":false},"excerpt":{"rendered":"<p>Emden &#8211; Mit Musik, Humor, fr\u00f6hlichen und nachdenklichen Wortbeitr\u00e4gen und \u2013 nat\u00fcrlich \u2013 auch ein wenig Theater hat der Emder Kulturverein Theartic f\u00fcr Behinderte und Nichtbehinderte am Sonnabend sein zehnj\u00e4hriges Bestehen gefeiert. Rund 350 G\u00e4ste kamen zu diesem Anlass am &hellip; <a href=\"http:\/\/theartic-emden.de\/?p=811\">Weiterlesen <span class=\"meta-nav\">&rarr;<\/span><\/a><\/p>\n","protected":false},"author":1,"featured_media":0,"comment_status":"closed","ping_status":"closed","sticky":false,"template":"","format":"standard","meta":{"ngg_post_thumbnail":0},"categories":[5],"tags":[],"_links":{"self":[{"href":"http:\/\/theartic-emden.de\/index.php?rest_route=\/wp\/v2\/posts\/811"}],"collection":[{"href":"http:\/\/theartic-emden.de\/index.php?rest_route=\/wp\/v2\/posts"}],"about":[{"href":"http:\/\/theartic-emden.de\/index.php?rest_route=\/wp\/v2\/types\/post"}],"author":[{"embeddable":true,"href":"http:\/\/theartic-emden.de\/index.php?rest_route=\/wp\/v2\/users\/1"}],"replies":[{"embeddable":true,"href":"http:\/\/theartic-emden.de\/index.php?rest_route=%2Fwp%2Fv2%2Fcomments&post=811"}],"version-history":[{"count":5,"href":"http:\/\/theartic-emden.de\/index.php?rest_route=\/wp\/v2\/posts\/811\/revisions"}],"predecessor-version":[{"id":869,"href":"http:\/\/theartic-emden.de\/index.php?rest_route=\/wp\/v2\/posts\/811\/revisions\/869"}],"wp:attachment":[{"href":"http:\/\/theartic-emden.de\/index.php?rest_route=%2Fwp%2Fv2%2Fmedia&parent=811"}],"wp:term":[{"taxonomy":"category","embeddable":true,"href":"http:\/\/theartic-emden.de\/index.php?rest_route=%2Fwp%2Fv2%2Fcategories&post=811"},{"taxonomy":"post_tag","embeddable":true,"href":"http:\/\/theartic-emden.de\/index.php?rest_route=%2Fwp%2Fv2%2Ftags&post=811"}],"curies":[{"name":"wp","href":"https:\/\/api.w.org\/{rel}","templated":true}]}}