{"id":1940,"date":"2015-12-30T14:48:29","date_gmt":"2015-12-30T14:48:29","guid":{"rendered":"http:\/\/theartic-emden.de\/?p=1940"},"modified":"2015-12-31T15:44:15","modified_gmt":"2015-12-31T15:44:15","slug":"unterstuetzer-dringend-gesucht-ez-30-12-2015","status":"publish","type":"post","link":"https:\/\/theartic-emden.de\/?p=1940","title":{"rendered":"Unterst\u00fctzer dringend gesucht (EZ 30.12.2015)"},"content":{"rendered":"<p align=\"justify\"><span style=\"color: #808080;\">Quelle: EZ v. 30.12.2015 | EZ-Redakteurin: Lisa Frankenberger<\/span><\/p>\n<div style=\"width: 626px\" class=\"wp-caption alignleft\"><img loading=\"lazy\" class=\"\" src=\"https:\/\/epaper.emderzeitung.de\/eweb\/media\/ez\/2015\/12\/30\/elements\/7a56cd7d1c1557b1.jpg\" alt=\"\" width=\"616\" height=\"308\" \/><p class=\"wp-caption-text\">Theartic will noch mehr Fl\u00fcchtlingen erm\u00f6glichen, im kunterbunt-Ensemble mitzuspielen \/ Daf\u00fcr werden Fahrer gesucht<\/p><\/div>\n<p align=\"justify\"><span style=\"color: #000000;\"><b>Emden.<\/b> Mit gro\u00dfer Begeistung und Freude haben die Kinder in der Fl\u00fcchtlingsunterkunft Barenburgschule auf das Angebot zweier Emder Theatermacher an den Weihnachtstagen reagiert. So berichten es Malik Meyer und Ulrike Heymann &#8211; beide sind heute noch v\u00f6llig \u00fcberw\u00e4ltigt von der Begeisterung der Kinder und ihrer Eltern. Um ihnen an den Weihnachtsfeiertagen etwas Spa\u00df und Freude zu bieten, war die Vorsitzende der Theaterwerkstatt <span class=\"sth_theartic\">Theartic<\/span>gemeinsam mit dem Jahrespraktikanten und Schauspieler Malik Meyer in der Barenburgschule. Im Gep\u00e4ck hatten sie einige Materialien, viel Musik und den Wunsch, den Menschen w\u00e4hrend der Feiertage etwas Spa\u00df und Bewegung zu bieten.<\/span><\/p>\n<p align=\"justify\"><!--more--><\/p>\n<p align=\"justify\"><span style=\"color: #000000;\">Was eigentlich nur f\u00fcr einen Nachmittag geplant war, musste am n\u00e4chsten Tag unbedingt wiederholt werden, berichtet Heymann. F\u00fcr die Kinder sei das v\u00f6llig klar gewesen.<\/span><\/p>\n<p align=\"justify\"><span style=\"color: #000000;\">W\u00e4hrend sich die Kinder &#8211; im Alter von drei bis 18 Jahren &#8211; begeistert an dem kleinen Theaterprogramm beteiligten, fotografierten und applaudierten die Erwachsenen ausgelassen. Und am Ende des zweiten Tages hielt es sie dann auch nicht mehr auf den St\u00fchlen, und sie tanzten fr\u00f6hlich mit den anderen durch das Klassenzimmer der ehemaligen Schule.<\/span><\/p>\n<p align=\"justify\"><span style=\"color: #000000;\">\u201eAm zweiten Tag hat man uns schon erwartet, und sofort haben alle beim Ausladen geholfen\u201d, erz\u00e4hlt Ulrike Heymann im Gespr\u00e4ch. \u201eEs ist unglaublich, wie freundlich, h\u00f6flich und aufmerksam alle Menschen waren.\u201d Gerade das Miteinander und der liebevolle Umgang der \u00e4lteren Jungen mit kleinen Kindern hat die beiden Initiatoren beeindruckt. Das Projekt hat ihnen aber auch gezeigt, welche Bedeutung ein entsprechendes Angebot f\u00fcr die Menschen hat. \u201eWir haben schon gemerkt, wie wichtig die Abwechslung ist\u201d, res\u00fcmiert Malik Meyer.<\/span><\/p>\n<p align=\"justify\"><span style=\"color: #000000;\">F\u00fcr die beiden <span class=\"sth_theartic\">Theartic<\/span>-Leute ist klar, dass das Angebot der Gruppe \u201ekunterbunt\u201d, das im Sommer aus einem Workshop hervorgegangen war (die EZ berichtete), das richtige ist. \u201e<span class=\"sth_theartic\">Theartic<\/span> kunterbunt\u201d wendet sich an Kinder ab sechs Jahren aus aller Welt &#8211; mit dabei sind zurzeit 13 Teilnehmer. Darunter Kinder aus deutschen und Migrantenfamilien sowie Fl\u00fcchtlinge. Damit zus\u00e4tzlich auch den Fl\u00fcchtlingskindern in der Barenburgschule die Teilnahme angeboten werden kann, braucht der Verein Hilfe. Und die hofft er, in der Emder Bev\u00f6lkerung zu finden.<\/span><\/p>\n<p align=\"justify\"><span style=\"color: #000000;\">\u201eWir suchen Ehrenamtliche, die Freitagnachmittag Fl\u00fcchtlingskinder aus ihren Unterk\u00fcnften abholen und zum Probenort in der Musikschule bringen und wieder abholen\u201d, beschreibt Heymann den Wunsch der Theatergruppe. Sie hofft, dass sich in Emden Freiwillige finden, die diese Fahrten \u00fcbernehmen, denn f\u00fcr die Fl\u00fcchtlingskinder sind Musik und Bewegung eine willkommene Ablenkung. Und eine hervorragende M\u00f6glichkeit zur Integration. Davon sind die Initiatoren \u00fcberzeugt. Sie sagen: Theater funktioniert nur, wenn man sich auf andere einl\u00e4sst. Und so sei es auch mit der Integration.<\/span><\/p>\n<p align=\"justify\"><span style=\"color: #000000;\">Kontakt unter <a style=\"color: #000000;\" href=\"mailto:ulrike.heymann@theartic-emden.de\">ulrike.heymann@<span class=\"sth_theartic\">theartic<\/span>-emden.de<\/a> oder unter s 32 31 0<\/span><\/p>\n","protected":false},"excerpt":{"rendered":"<p>Quelle: EZ v. 30.12.2015 | EZ-Redakteurin: Lisa Frankenberger Emden. Mit gro\u00dfer Begeistung und Freude haben die Kinder in der Fl\u00fcchtlingsunterkunft Barenburgschule auf das Angebot zweier Emder Theatermacher an den Weihnachtstagen reagiert. So berichten es Malik Meyer und Ulrike Heymann &#8211; &hellip; <a href=\"https:\/\/theartic-emden.de\/?p=1940\">Weiterlesen <span class=\"meta-nav\">&rarr;<\/span><\/a><\/p>\n","protected":false},"author":1,"featured_media":0,"comment_status":"closed","ping_status":"closed","sticky":false,"template":"","format":"standard","meta":{"ngg_post_thumbnail":0},"categories":[4,5],"tags":[],"_links":{"self":[{"href":"https:\/\/theartic-emden.de\/index.php?rest_route=\/wp\/v2\/posts\/1940"}],"collection":[{"href":"https:\/\/theartic-emden.de\/index.php?rest_route=\/wp\/v2\/posts"}],"about":[{"href":"https:\/\/theartic-emden.de\/index.php?rest_route=\/wp\/v2\/types\/post"}],"author":[{"embeddable":true,"href":"https:\/\/theartic-emden.de\/index.php?rest_route=\/wp\/v2\/users\/1"}],"replies":[{"embeddable":true,"href":"https:\/\/theartic-emden.de\/index.php?rest_route=%2Fwp%2Fv2%2Fcomments&post=1940"}],"version-history":[{"count":3,"href":"https:\/\/theartic-emden.de\/index.php?rest_route=\/wp\/v2\/posts\/1940\/revisions"}],"predecessor-version":[{"id":1943,"href":"https:\/\/theartic-emden.de\/index.php?rest_route=\/wp\/v2\/posts\/1940\/revisions\/1943"}],"wp:attachment":[{"href":"https:\/\/theartic-emden.de\/index.php?rest_route=%2Fwp%2Fv2%2Fmedia&parent=1940"}],"wp:term":[{"taxonomy":"category","embeddable":true,"href":"https:\/\/theartic-emden.de\/index.php?rest_route=%2Fwp%2Fv2%2Fcategories&post=1940"},{"taxonomy":"post_tag","embeddable":true,"href":"https:\/\/theartic-emden.de\/index.php?rest_route=%2Fwp%2Fv2%2Ftags&post=1940"}],"curies":[{"name":"wp","href":"https:\/\/api.w.org\/{rel}","templated":true}]}}