{"id":1951,"date":"2016-01-07T14:17:49","date_gmt":"2016-01-07T14:17:49","guid":{"rendered":"http:\/\/theartic-emden.de\/?p=1951"},"modified":"2016-01-07T14:17:49","modified_gmt":"2016-01-07T14:17:49","slug":"viele-emder-haben-ihre-hilfe-angeboten-ez-06-01-2016","status":"publish","type":"post","link":"https:\/\/theartic-emden.de\/?p=1951","title":{"rendered":"Viele Emder haben ihre Hilfe angeboten (EZ 06.01.2016)"},"content":{"rendered":"<p align=\"justify\"><span style=\"color: #000000;\"><b>Emden. <\/b>Schon in den ersten Tagen nach ihrem Aufruf in der Emder Zeitung haben sich bei <span class=\"sth_theartic\">Theartic<\/span>-Leiterin Ulrike Heymann mehrere potenzielle Fahrer gemeldet. Wie berichtet, hatte der Verein darum gebeten, dass Freiwillige freitagnachmittags dabei helfen, Fl\u00fcchtlinge zum Probenort des Ensembles \u201e<span class=\"sth_theartic\">Theartic<\/span> Kunterbunt\u201d zu fahren und sp\u00e4ter wieder in ihre Unterk\u00fcnfte zu bringen. Zur Freude der Initiatoren kamen schnell einige Angebote. Allerdings hinterlassen nicht alle m\u00f6glichen Helfer ihre Nummer auf dem Anrufbeantworter. Auch andere Helfer, die bereit sind einen Fahrdienst zu \u00fcbernehmen sind dem Verein nach wie vor willkommen. Zum pers\u00f6nlichen Kennenlernen und weil viele Menschen noch gro\u00dfen Informationsbedarf haben, l\u00e4dt <span class=\"sth_theartic\">Theartic<\/span> alle Interessierten am Freitag, 8. Januar um 17.15 Uhr ins Kulturhaus Faldern ein.<\/span><\/p>\n<p align=\"justify\"><span style=\"color: #000000;\">Wie berichtet, hatte sich nach einem Workshop im Sommer eine Gruppe gegr\u00fcndet, in der deutsche Kinder, gemeinsam mit Kindern aus Migrantenfamilien und Fl\u00fcchtlingen zusammen Theater spielen. Dieses Angebot m\u00f6chten die Initiatoren zuk\u00fcnftig auch den Menschen in der Barenburgschule machen.<\/span><\/p>\n<p align=\"justify\"><span style=\"color: #000000;\">lmf<\/span><\/p>\n<p align=\"justify\"><span style=\"color: #000000;\">Kontakt unter <a style=\"color: #000000;\" href=\"mailto:ulrike.heymann@theartic-emden.de\">ulrike.heymann@<span class=\"sth_theartic\">theartic<\/span>-emden.de<\/a> oder unter Tel: 32 31 0<\/span><\/p>\n","protected":false},"excerpt":{"rendered":"<p>Emden. Schon in den ersten Tagen nach ihrem Aufruf in der Emder Zeitung haben sich bei Theartic-Leiterin Ulrike Heymann mehrere potenzielle Fahrer gemeldet. Wie berichtet, hatte der Verein darum gebeten, dass Freiwillige freitagnachmittags dabei helfen, Fl\u00fcchtlinge zum Probenort des Ensembles &hellip; <a href=\"https:\/\/theartic-emden.de\/?p=1951\">Weiterlesen <span class=\"meta-nav\">&rarr;<\/span><\/a><\/p>\n","protected":false},"author":1,"featured_media":0,"comment_status":"closed","ping_status":"closed","sticky":false,"template":"","format":"standard","meta":{"ngg_post_thumbnail":0},"categories":[1],"tags":[],"_links":{"self":[{"href":"https:\/\/theartic-emden.de\/index.php?rest_route=\/wp\/v2\/posts\/1951"}],"collection":[{"href":"https:\/\/theartic-emden.de\/index.php?rest_route=\/wp\/v2\/posts"}],"about":[{"href":"https:\/\/theartic-emden.de\/index.php?rest_route=\/wp\/v2\/types\/post"}],"author":[{"embeddable":true,"href":"https:\/\/theartic-emden.de\/index.php?rest_route=\/wp\/v2\/users\/1"}],"replies":[{"embeddable":true,"href":"https:\/\/theartic-emden.de\/index.php?rest_route=%2Fwp%2Fv2%2Fcomments&post=1951"}],"version-history":[{"count":1,"href":"https:\/\/theartic-emden.de\/index.php?rest_route=\/wp\/v2\/posts\/1951\/revisions"}],"predecessor-version":[{"id":1952,"href":"https:\/\/theartic-emden.de\/index.php?rest_route=\/wp\/v2\/posts\/1951\/revisions\/1952"}],"wp:attachment":[{"href":"https:\/\/theartic-emden.de\/index.php?rest_route=%2Fwp%2Fv2%2Fmedia&parent=1951"}],"wp:term":[{"taxonomy":"category","embeddable":true,"href":"https:\/\/theartic-emden.de\/index.php?rest_route=%2Fwp%2Fv2%2Fcategories&post=1951"},{"taxonomy":"post_tag","embeddable":true,"href":"https:\/\/theartic-emden.de\/index.php?rest_route=%2Fwp%2Fv2%2Ftags&post=1951"}],"curies":[{"name":"wp","href":"https:\/\/api.w.org\/{rel}","templated":true}]}}