{"id":1955,"date":"2016-01-10T15:41:10","date_gmt":"2016-01-10T15:41:10","guid":{"rendered":"http:\/\/theartic-emden.de\/?p=1955"},"modified":"2016-01-10T15:42:01","modified_gmt":"2016-01-10T15:42:01","slug":"500-euro-fuer-theartic-kunterbunt-ez-09-01-2016","status":"publish","type":"post","link":"https:\/\/theartic-emden.de\/?p=1955","title":{"rendered":"500 Euro f\u00fcr \u201eTheartic kunterbunt\u201d (EZ 09.01.2016)"},"content":{"rendered":"<p><span style=\"color: #000000;\">F\u00fcr das Projekt \u201e<span class=\"sth_theartic\">Theartic<\/span> kunterbunt\u201d, das von <span class=\"sth_theartic\">Theartic<\/span>-Leiterin Ulrike Heymann und Jahrespraktikant Malik Meyer an den Weihnachtstagen mit deutschen und Migrantenfamilien sowie Fl\u00fcchtlingen durchgef\u00fchrt wurde, hat der GEW-Kreisverband Emden eine Spende in H\u00f6he 500 Euro zur Verf\u00fcgung gestellt. Den Scheck \u00fcberreichten GEW-Schatzmeister Hans-Gerd de Beer und GEW-Vorsitzende Gudrun St\u00fcber.<\/span><\/p>\n","protected":false},"excerpt":{"rendered":"<p>F\u00fcr das Projekt \u201eTheartic kunterbunt\u201d, das von Theartic-Leiterin Ulrike Heymann und Jahrespraktikant Malik Meyer an den Weihnachtstagen mit deutschen und Migrantenfamilien sowie Fl\u00fcchtlingen durchgef\u00fchrt wurde, hat der GEW-Kreisverband Emden eine Spende in H\u00f6he 500 Euro zur Verf\u00fcgung gestellt. Den Scheck &hellip; <a href=\"https:\/\/theartic-emden.de\/?p=1955\">Weiterlesen <span class=\"meta-nav\">&rarr;<\/span><\/a><\/p>\n","protected":false},"author":1,"featured_media":0,"comment_status":"closed","ping_status":"closed","sticky":false,"template":"","format":"standard","meta":{"ngg_post_thumbnail":0},"categories":[1],"tags":[],"_links":{"self":[{"href":"https:\/\/theartic-emden.de\/index.php?rest_route=\/wp\/v2\/posts\/1955"}],"collection":[{"href":"https:\/\/theartic-emden.de\/index.php?rest_route=\/wp\/v2\/posts"}],"about":[{"href":"https:\/\/theartic-emden.de\/index.php?rest_route=\/wp\/v2\/types\/post"}],"author":[{"embeddable":true,"href":"https:\/\/theartic-emden.de\/index.php?rest_route=\/wp\/v2\/users\/1"}],"replies":[{"embeddable":true,"href":"https:\/\/theartic-emden.de\/index.php?rest_route=%2Fwp%2Fv2%2Fcomments&post=1955"}],"version-history":[{"count":2,"href":"https:\/\/theartic-emden.de\/index.php?rest_route=\/wp\/v2\/posts\/1955\/revisions"}],"predecessor-version":[{"id":1957,"href":"https:\/\/theartic-emden.de\/index.php?rest_route=\/wp\/v2\/posts\/1955\/revisions\/1957"}],"wp:attachment":[{"href":"https:\/\/theartic-emden.de\/index.php?rest_route=%2Fwp%2Fv2%2Fmedia&parent=1955"}],"wp:term":[{"taxonomy":"category","embeddable":true,"href":"https:\/\/theartic-emden.de\/index.php?rest_route=%2Fwp%2Fv2%2Fcategories&post=1955"},{"taxonomy":"post_tag","embeddable":true,"href":"https:\/\/theartic-emden.de\/index.php?rest_route=%2Fwp%2Fv2%2Ftags&post=1955"}],"curies":[{"name":"wp","href":"https:\/\/api.w.org\/{rel}","templated":true}]}}