{"id":1995,"date":"2016-03-19T19:16:40","date_gmt":"2016-03-19T19:16:40","guid":{"rendered":"http:\/\/theartic-emden.de\/?p=1995"},"modified":"2016-11-11T12:55:50","modified_gmt":"2016-11-11T12:55:50","slug":"spielend-spielregeln-lernen-ez-12-03-2016","status":"publish","type":"post","link":"https:\/\/theartic-emden.de\/?p=1995","title":{"rendered":"Spielend Spielregeln lernen (EZ 12.03.2016)"},"content":{"rendered":"<p>Quelle: EZ v. 12.03.2016 | EZ-Redakteurin: Ute Lipperheide<\/p>\n<p><img loading=\"lazy\" class=\"alignnone\" src=\"https:\/\/epaper.emderzeitung.de\/eweb\/media\/ez\/2016\/03\/12\/elements\/4896dcb67124a87e.jpg\" alt=\"\" width=\"650\" height=\"407\" \/><\/p>\n<p><span style=\"color: #000000;\"><strong>Emden.<\/strong> Ohne F\u00f6rderung geht erst einmal nichts, doch was dann geht, dar\u00fcber staunen nicht nur die Kinder und Jugendlichen, die teilnehmen, sondern auch alle, die mitmachen und planen. Das berichtet Ulrike Heymann, Leiterin von Theartic, in einem Gespr\u00e4ch mit der Emder Zeitung .<\/span><\/p>\n<p><span style=\"color: #000000;\">Die Initiative beschreitet wieder einmal neue Wege. Mit der Theatergruppe \u201ekunterbunt\u201d und der Juniorgruppe wird im Juni an vier Tagen ein gemeinsames Projekt mit Theaterauff\u00fchrung stattfinden. Unter dem Titel \u201eKommst du heut&#8216; nicht, kommst du morgen\u201d werden erstmals Kinder und Jugendliche auf der B\u00fchne im Neuen Theater auftreten, die sich aus beiden Gruppen zusammensetzen und die aus verschiedenen Nationen kommen .<\/span><!--more--><\/p>\n<p><span style=\"color: #000000;\">\u201eWir haben sehr positive Erfahrungen mit unserer Gruppe kunterbunt gemacht, in der Fl\u00fcchtlings- und Migrantenkinder mitmachen\u201d, sagt Heymann. Spannend wird es jetzt, weil beide Gruppen, kunterbunt und junior, in denen auch junge Menschen mit Behinderung mitmachen, gemeinsam auftreten. 35 bis 40 Kinder und Jugendliche gilt es, dabei zusammenzufassen. Einige sprechen nicht ein Wort Deutsch. Dolmetscher sind immer bei den w\u00f6chentlichen Proben dabei .<\/span><\/p>\n<p><span style=\"color: #000000;\">Heymann: \u201eSeit Anfang des Jahres treffen wir uns regelm\u00e4\u00dfig.\u201d Das ist immer mit viel Aufwand verbunden, berichtet sie. Ein Fahrdienst aus ehrenamtlichen Helfern ist eingerichtet. Doch dies sei alles nicht so einfach. Heymann: \u201eDie Fl\u00fcchtlingskinder ziehen jetzt nach und nach in Wohnungen. Da \u00e4ndert sich h\u00e4ufiger einmal die Adresse.\u201d Auch ist die Fluktuation nicht gering. Einige von denen, die im Theaterprojekt mitgemacht haben, sind bereits wieder aus Emden weggezogen .<\/span><\/p>\n<p><span style=\"color: #000000;\">\u201eTrotz aller diese Unw\u00e4gbarkeiten sind wir mit sehr viel Freude und Engagement dabei. Es ist so sch\u00f6n, die Fortschritte zu sehen\u201d, berichtet Heymann. Kulturgrenzen verschwinden fast vollst\u00e4ndig. Da giggelt Zofia, die Polnisch als Muttersprache spricht, mit Sama, die auf Farsi redet. Sadaf aus Afghanistan versteht sich bestens mit Okka aus Emden. Echte Freundschaften seien entstanden, und auch der Kontakt zu den nicht-deutschsprachigen Eltern besteht. \u201eAlle lernen Deutsch\u201d, stellt Heymann fest, und alle lernen die Spielregeln, die gelten: Herkunft, Hautfarbe, Sprache und Geschlecht spielen keine Rolle. Gegenseitiger Respekt ist Grundvoraussetzung f\u00fcr die Zusammenarbeit.<\/span><\/p>\n<p><span style=\"color: #000000;\">Manchmal m\u00fcssen auch Eltern \u00fcberzeugt werden, dass ihre M\u00e4dchen Theater spielen k\u00f6nnen, erw\u00e4hnt Heymann. Das sei aber nur einmal vorgekommen. Auch die kleinen und etwas \u00e4lteren Jungen in der Gruppe haben schnell akzeptieren m\u00fcssen, dass der Boss eine Frau ist. Heymann: \u201eDas war aber alles halb so schlimm.\u201d Die Verst\u00e4ndigung l\u00e4uft manchmal noch mit H\u00e4nden und F\u00fc\u00dfen. \u201eAber es funktioniert.\u201d Es gebe sogar einige kleine Sprachgenies. \u201eDie sind kaum ein paar Monate hier und schon verstehen sie alles.\u201d Auch Eltern von Fl\u00fcchtlingskindern helfen mit und lernten so ebenfalls schnell die Sprache.<\/span><\/p>\n<p><span style=\"color: #000000;\">\u201eDas ist nat\u00fcrlich alles nur mit sehr viel Aufwand zu machen\u201d sagt Heymann. Normalerweise m\u00fcsse man daf\u00fcr eine Halbtagskraft einstellen, ist sie \u00fcberzeugt. Aber daf\u00fcr gibt es kein Geld. Also wird improvisiert, und die gut 15 ehrenamtlichen Helfer m\u00fcssen ran .<\/span><\/p>\n<p><span style=\"color: #000000;\">Geld gibt es f\u00fcr das neue Projekt von der renommierten Robert Bosch Stiftung, der Ostfriesischen Landschaft und der Sparkassenstiftung Aurich-Norden. \u201eDar\u00fcber freuen wir uns nat\u00fcrlich riesig\u201d, sagt Heymann. Aber F\u00f6rderung gibt es nur, wenn entsprechende Antr\u00e4ge gestellt werden. Auch das sei mit viel Arbeit verbunden. Aber nur so k\u00f6nnen die Vorhaben von Theartic finanziert werden. Und durch Spender. F\u00fcr dieses Projekt gab es Geld von den Emder Stadtwerken &#8211; ganz ohne Antrag. Auch die Stadt Emden gew\u00e4hrt wieder einen j\u00e4hrlichen Zuschuss f\u00fcr Theartic von 20 000 Euro .<\/span><\/p>\n<p><span style=\"color: #000000;\">Die Familiennachmittage im Neuen Theater finden am Sonnabend und Sonntag am 11., 12., 18. und 19. Juni von 15 bis 18 Uhr statt. Eintritt zehn Euro, erm\u00e4\u00dfigt sechs Euro .<\/span><\/p>\n","protected":false},"excerpt":{"rendered":"<p>Quelle: EZ v. 12.03.2016 | EZ-Redakteurin: Ute Lipperheide Emden. Ohne F\u00f6rderung geht erst einmal nichts, doch was dann geht, dar\u00fcber staunen nicht nur die Kinder und Jugendlichen, die teilnehmen, sondern auch alle, die mitmachen und planen. Das berichtet Ulrike Heymann, &hellip; <a href=\"https:\/\/theartic-emden.de\/?p=1995\">Weiterlesen <span class=\"meta-nav\">&rarr;<\/span><\/a><\/p>\n","protected":false},"author":1,"featured_media":0,"comment_status":"closed","ping_status":"closed","sticky":false,"template":"","format":"standard","meta":{"ngg_post_thumbnail":0},"categories":[1],"tags":[],"_links":{"self":[{"href":"https:\/\/theartic-emden.de\/index.php?rest_route=\/wp\/v2\/posts\/1995"}],"collection":[{"href":"https:\/\/theartic-emden.de\/index.php?rest_route=\/wp\/v2\/posts"}],"about":[{"href":"https:\/\/theartic-emden.de\/index.php?rest_route=\/wp\/v2\/types\/post"}],"author":[{"embeddable":true,"href":"https:\/\/theartic-emden.de\/index.php?rest_route=\/wp\/v2\/users\/1"}],"replies":[{"embeddable":true,"href":"https:\/\/theartic-emden.de\/index.php?rest_route=%2Fwp%2Fv2%2Fcomments&post=1995"}],"version-history":[{"count":6,"href":"https:\/\/theartic-emden.de\/index.php?rest_route=\/wp\/v2\/posts\/1995\/revisions"}],"predecessor-version":[{"id":2055,"href":"https:\/\/theartic-emden.de\/index.php?rest_route=\/wp\/v2\/posts\/1995\/revisions\/2055"}],"wp:attachment":[{"href":"https:\/\/theartic-emden.de\/index.php?rest_route=%2Fwp%2Fv2%2Fmedia&parent=1995"}],"wp:term":[{"taxonomy":"category","embeddable":true,"href":"https:\/\/theartic-emden.de\/index.php?rest_route=%2Fwp%2Fv2%2Fcategories&post=1995"},{"taxonomy":"post_tag","embeddable":true,"href":"https:\/\/theartic-emden.de\/index.php?rest_route=%2Fwp%2Fv2%2Ftags&post=1995"}],"curies":[{"name":"wp","href":"https:\/\/api.w.org\/{rel}","templated":true}]}}