{"id":2009,"date":"2016-04-19T10:11:27","date_gmt":"2016-04-19T10:11:27","guid":{"rendered":"http:\/\/theartic-emden.de\/?p=2009"},"modified":"2016-05-26T18:49:30","modified_gmt":"2016-05-26T18:49:30","slug":"mit-koepfchen-fuers-verstaendnis-gearbeitet-oz-15-04-2016","status":"publish","type":"post","link":"https:\/\/theartic-emden.de\/?p=2009","title":{"rendered":"Mit K\u00f6pfchen f\u00fcrs Verst\u00e4ndnis gearbeitet (OZ 15.04.2016)"},"content":{"rendered":"<p>Quelle: OZ v. 15.04.2016<\/p>\n<p><span style=\"color: #000000;\"><strong>Bildung<\/strong> Lehrer informierten sich in Aurich \u00fcber Methoden f\u00fcr Fl\u00fcchtlingskinder<\/span><\/p>\n<p><span style=\"color: #000000;\">Bei der Landschaft berichteten Vertreter von Projekten in der Region \u00fcber ihre Erfahrungen, wie die deutsche Sprache vermittelt werden kann.<\/span><\/p>\n<p><span style=\"color: #000000;\"><strong>Aurich<\/strong> \/ HOF &#8211; Gro\u00dfer Andrang im Haus der Ostfriesischen Landschaft in Aurich: 130 Lehrer, Erzieher und Mitarbeiter aus verschiedenen Bildungseinrichtungen haben sich dort gestern zur Fachtagung \u201eNeue Sprache \u2013 neues Land \u2013 neue Heimat\u201c getroffen. Dabei lernten sie Methoden und Materialien kennen, mit denen sie Fl\u00fcchtlingskinder in ihren Einrichtungen dabei unterst\u00fctzen k\u00f6nnen, Deutsch zu lernen.<\/span><!--more--><\/p>\n<p><span style=\"color: #000000;\">Veranstaltet haben die Tagung das Kompetenzzentrum f\u00fcr Lehrerfortbildung bei der Ostfriesischen Landschaft und die Bildungsregion Ostfriesland. Am Vormittag hielten zwei Mitarbeiterinnen des Sprachbildungszentrums in Oldenburg einen Vortrag \u00fcber die Rolle der Sprache in der Schule. Die Zuh\u00f6rer wurden unter anderem mit t\u00fcrkischen Worten konfrontiert. \u201eWir f\u00fchlten uns in die Lage von Kindern versetzt, die in einer Klasse sitzen und nichts verstehen\u201c, sagte Landschaftspr\u00e4sident Rico Mecklenburg, Das sei f\u00fcr ihn ein \u201ehoher Erkenntnisgewinn\u201c gewesen.<\/span><\/p>\n<p><span style=\"color: #000000;\">Anschlie\u00dfend begannen Arbeitsgruppen, in denen den Lehrern und Erziehern konkrete Materialien wie Gesellschaftsspiele vorgestellt wurden. Mitarbeiter von Projekten f\u00fcr Fl\u00fcchtlingskinder, die in Ostfriesland bereits begonnen haben, berichteten von ihren Erfahrungen.<\/span><\/p>\n<p><span style=\"color: #000000;\">Ulrike Heymann, k\u00fcnstlerische Leiterin der Emder Theaterwerkstatt Theartic, zeigte zum Beispiel Begr\u00fc\u00dfungsspiele. \u201eTheater ist Kommunikation\u201c, sagte sie. In ihrem Verein studieren unter anderem Fl\u00fcchtlingskinder zwei St\u00fccke ein.<\/span><\/p>\n<p><span style=\"color: #000000;\">Wilfried M\u00fcller, Gesch\u00e4ftsf\u00fchrer der TSG Grimersum, erkl\u00e4rte, wie er Kindern an der Grundschule in Jennelt beim Fu\u00dfballspielen beibringt zu lesen. Sie m\u00fcssen beim Training etwa Fragen zu Texten beantworten.<\/span><\/p>\n","protected":false},"excerpt":{"rendered":"<p>Quelle: OZ v. 15.04.2016 Bildung Lehrer informierten sich in Aurich \u00fcber Methoden f\u00fcr Fl\u00fcchtlingskinder Bei der Landschaft berichteten Vertreter von Projekten in der Region \u00fcber ihre Erfahrungen, wie die deutsche Sprache vermittelt werden kann. Aurich \/ HOF &#8211; Gro\u00dfer Andrang &hellip; <a href=\"https:\/\/theartic-emden.de\/?p=2009\">Weiterlesen <span class=\"meta-nav\">&rarr;<\/span><\/a><\/p>\n","protected":false},"author":1,"featured_media":0,"comment_status":"closed","ping_status":"closed","sticky":false,"template":"","format":"standard","meta":{"ngg_post_thumbnail":0},"categories":[1],"tags":[],"_links":{"self":[{"href":"https:\/\/theartic-emden.de\/index.php?rest_route=\/wp\/v2\/posts\/2009"}],"collection":[{"href":"https:\/\/theartic-emden.de\/index.php?rest_route=\/wp\/v2\/posts"}],"about":[{"href":"https:\/\/theartic-emden.de\/index.php?rest_route=\/wp\/v2\/types\/post"}],"author":[{"embeddable":true,"href":"https:\/\/theartic-emden.de\/index.php?rest_route=\/wp\/v2\/users\/1"}],"replies":[{"embeddable":true,"href":"https:\/\/theartic-emden.de\/index.php?rest_route=%2Fwp%2Fv2%2Fcomments&post=2009"}],"version-history":[{"count":4,"href":"https:\/\/theartic-emden.de\/index.php?rest_route=\/wp\/v2\/posts\/2009\/revisions"}],"predecessor-version":[{"id":2019,"href":"https:\/\/theartic-emden.de\/index.php?rest_route=\/wp\/v2\/posts\/2009\/revisions\/2019"}],"wp:attachment":[{"href":"https:\/\/theartic-emden.de\/index.php?rest_route=%2Fwp%2Fv2%2Fmedia&parent=2009"}],"wp:term":[{"taxonomy":"category","embeddable":true,"href":"https:\/\/theartic-emden.de\/index.php?rest_route=%2Fwp%2Fv2%2Fcategories&post=2009"},{"taxonomy":"post_tag","embeddable":true,"href":"https:\/\/theartic-emden.de\/index.php?rest_route=%2Fwp%2Fv2%2Ftags&post=2009"}],"curies":[{"name":"wp","href":"https:\/\/api.w.org\/{rel}","templated":true}]}}