{"id":2017,"date":"2016-05-26T18:45:08","date_gmt":"2016-05-26T18:45:08","guid":{"rendered":"http:\/\/theartic-emden.de\/?p=2017"},"modified":"2016-11-10T19:10:36","modified_gmt":"2016-11-10T19:10:36","slug":"termine-und-tickets-oz-24-05-2016","status":"publish","type":"post","link":"https:\/\/theartic-emden.de\/?p=2017","title":{"rendered":"Termine und Tickets (OZ 24.05.2016)"},"content":{"rendered":"<p>Quelle: OZ v. 24.05.2016 | OZ-Redakteur:\u00a0Heiko M\u00fcller<\/p>\n<p><span style=\"color: #000000;\"><strong>Kultur<\/strong> \u201eTheartic\u201c geht mit neuem Veranstaltungsformat auf die B\u00fchne<\/span><\/p>\n<p><strong><span style=\"color: #000000;\">Der Emder Verein hat ein ehrgeiziges Projekt umgesetzt. Es spielen Kinder und Jugendliche aus f\u00fcnf L\u00e4ndern mit und ohne Behinderung.<\/span><\/strong><\/p>\n<p><span style=\"color: #000000;\"><strong>Emden<\/strong> &#8211; Neues Veranstaltungsformat, neue Gesichter, neue Wege: \u201eTheartic\u201c macht den n\u00e4chsten Schritt zu einer kulturellen Arbeit ohne Grenzen. An vier \u201eTheater-Familiennachmittagen\u201c will der Verein im Juni einem breiten Publikum zeigen, dass Herkunft, Hautfarbe, Sprache oder Krankheit der Akteure beim Theater keine Rolle spielen.<\/span><\/p>\n<p><span style=\"color: #000000;\">Im Rampenlicht werden 34 Kinder und Jugendliche mit und ohne Behinderungen stehen. Einige von ihnen kamen als Fl\u00fcchtlinge aus Afghanistan, dem Irak und aus Syrien nach Emden und spielen gemeinsam mit gleichaltrigen Deutschen bei \u201eTheartic kunterbunt\u201c. Diese Gruppe ging vor knapp einem Jahr aus einem Theaterworkshop f\u00fcr Kinder aus aller Welt hervor und ist der j\u00fcngste Ableger des Vereins.<\/span><!--more--><\/p>\n<p><span style=\"color: #000000;\">Au\u00dferdem dabei: die im Jahr 2003 gegr\u00fcndete Nachwuchstruppe \u201eTheartic junior\u201c, in der M\u00e4dchen und Jungen mit und ohne Behinderung mitmachen. Beide Gruppen proben seit Anfang dieses Jahres f\u00fcr die Familiennachmittage \u2013 sowohl getrennt als auch zusammen.<\/span><\/p>\n<p><span style=\"color: #000000;\">Neben der Inklusion widmet sich \u201eTheartic\u201c damit auch der Integration. \u201eDas entspricht auch unserer Grundidee von Vielf\u00e4ltigkeit\u201c, sagt Ulrike Heymann. Beim Umgang mit Kindern aus Fl\u00fcchtlings- und Zuwandererfamilien k\u00e4men dem Verein die Erfahrungen aus der gemeinsamen Arbeit mit behinderten und nicht behinderten Menschen zugute. Die Vereinsvorsitzende bringt es auf eine einfache Formel: \u201eTheater ist Kommunikation.\u201c<\/span><\/p>\n<p><span style=\"color: #000000;\">Im Mittelpunkt der Familiennachmittage stehen zwei Theaterst\u00fccke: \u201eTheartic junior\u201c zeigt \u2013 mit Unterst\u00fctzung von drei Akteuren aus \u201eTheartic kunterbunt\u201c \u2013 noch einmal das Erfolgsst\u00fcck \u201eDas Was-auch-immer\u201c. Es hat m\u00e4rchenhafte Z\u00fcge und handelt von der Suche nach dem idealen Freund oder Partner. Die Nachwuchstruppe, die bislang nur im Kulturbunker spielte, wagt erstmals den Sprung auf die gro\u00dfe B\u00fchne des Theaters.<\/span><\/p>\n<p><span style=\"color: #000000;\">Nach einer Pause und einer Mitmach-Aktion der Musischen Akademie vereinen sich \u201eTheartic junior\u201c und \u201eTheartic kunterbunt\u201c zu einem gro\u00dfen Ensemble in dem neuen St\u00fcck \u201eKommst du heut\u2019 nicht, kommst du morgen\u201c. Darin geht es um Stress und wie man ihn bew\u00e4ltigt.<\/span><\/p>\n<p><span style=\"color: #000000;\">Beide St\u00fccke stammen aus der Feder von Ulrike Heymann. Gemeinsam mit Claus Gosmann f\u00fchrt sie auch Regie. An der Entwicklung der St\u00fccke und der Rollen waren die Spieler und Spielerinnen gleichberechtigt beteiligt. \u201eVieles entstand aus ihren W\u00fcnschen und Ideen und in gemeinsamen Improvisationen\u201c, sagt die Produktionsleiterin.<\/span><\/p>\n<p><span style=\"color: #000000;\">Zum Team geh\u00f6ren Arne Bohnet, Michael Junker (Musik), Inge Rhoden-Wohlers (Kost\u00fcm) und Urmel Meyering (B\u00fchne). F\u00fcr die Akteure auf der B\u00fchne und das ehrenamtliche Team hinter den Kulissen ist das neue Format laut Heymann \u201eeine Mega-Herausforderung\u201c, zumal das Format mit zwei St\u00fccken und einem dreist\u00fcndigen Programm einen gro\u00dfen logistischen Aufwand und viel Konzentration verlangt. \u201eDer Ablauf ist deshalb mit vielen Risiken behaftet\u201c, so die \u201eTheartic\u201c-Leiterin. Sie sei \u201esehr gespannt, wie dieses Format angenommen wird\u201c.<\/span><\/p>\n<p><span style=\"color: #000000;\">Die Familiennachmittage wenden sich sowohl an Kinder und Jugendliche als auch an Erwachsene. Die Theaterst\u00fccke sind f\u00fcr Leute ab sechs Jahren geeignet, so Heymann.<\/span><\/p>\n<p><span style=\"color: #000000;\"><strong>Die Theater-Familiennachmittage<\/strong> sind am 11, 12., 18. und 19. Juni im Neuen Theater in Emden. Beginn ist jeweils um 15 Uhr.<\/span><\/p>\n<p><span style=\"color: #000000;\"><strong>Das Programm<\/strong> beginnt jeweils mit dem St\u00fcck \u201eDas Was-auch-immer\u201c, das Theartic junior bereits 2015 auff\u00fchrte. In der Pause gibt es Mitmach-Aktionen der Musischen Akademie Emden unter dem Motto \u201eMusik und Bewegung\u201c. Danach zeigen \u201eTheatic junior\u201c und \u201eTheartic kunterbunt\u201c das St\u00fcck \u201eKommst du heut\u2019 nicht, kommst du morgen\u201c.<\/span><\/p>\n<p><span style=\"color: #000000;\"><strong>Der Eintritt<\/strong> kostet zehn Euro (erm\u00e4\u00dfigt sechs Euro). Tickets gibt es im Kulturb\u00fcro der Stadt an der Gro\u00dfen Stra\u00dfe und jeweils an der Tageskasse. Der Vorverkauf hat gestern begonnen.<\/span><\/p>\n<p><span style=\"color: #000000;\"><strong>Gef\u00f6rdert<\/strong> wird das Projekt von der Robert-Bosch-Stiftung, der Klosterkammer Hannover, der Ostfriesischen Landschaft, der Sparkassenstiftung Aurich-Norden und den Stadtwerken Emden.<\/span><\/p>\n","protected":false},"excerpt":{"rendered":"<p>Quelle: OZ v. 24.05.2016 | OZ-Redakteur:\u00a0Heiko M\u00fcller Kultur \u201eTheartic\u201c geht mit neuem Veranstaltungsformat auf die B\u00fchne Der Emder Verein hat ein ehrgeiziges Projekt umgesetzt. Es spielen Kinder und Jugendliche aus f\u00fcnf L\u00e4ndern mit und ohne Behinderung. Emden &#8211; Neues Veranstaltungsformat, &hellip; <a href=\"https:\/\/theartic-emden.de\/?p=2017\">Weiterlesen <span class=\"meta-nav\">&rarr;<\/span><\/a><\/p>\n","protected":false},"author":1,"featured_media":0,"comment_status":"closed","ping_status":"closed","sticky":false,"template":"","format":"standard","meta":{"ngg_post_thumbnail":0},"categories":[1],"tags":[],"_links":{"self":[{"href":"https:\/\/theartic-emden.de\/index.php?rest_route=\/wp\/v2\/posts\/2017"}],"collection":[{"href":"https:\/\/theartic-emden.de\/index.php?rest_route=\/wp\/v2\/posts"}],"about":[{"href":"https:\/\/theartic-emden.de\/index.php?rest_route=\/wp\/v2\/types\/post"}],"author":[{"embeddable":true,"href":"https:\/\/theartic-emden.de\/index.php?rest_route=\/wp\/v2\/users\/1"}],"replies":[{"embeddable":true,"href":"https:\/\/theartic-emden.de\/index.php?rest_route=%2Fwp%2Fv2%2Fcomments&post=2017"}],"version-history":[{"count":2,"href":"https:\/\/theartic-emden.de\/index.php?rest_route=\/wp\/v2\/posts\/2017\/revisions"}],"predecessor-version":[{"id":2052,"href":"https:\/\/theartic-emden.de\/index.php?rest_route=\/wp\/v2\/posts\/2017\/revisions\/2052"}],"wp:attachment":[{"href":"https:\/\/theartic-emden.de\/index.php?rest_route=%2Fwp%2Fv2%2Fmedia&parent=2017"}],"wp:term":[{"taxonomy":"category","embeddable":true,"href":"https:\/\/theartic-emden.de\/index.php?rest_route=%2Fwp%2Fv2%2Fcategories&post=2017"},{"taxonomy":"post_tag","embeddable":true,"href":"https:\/\/theartic-emden.de\/index.php?rest_route=%2Fwp%2Fv2%2Ftags&post=2017"}],"curies":[{"name":"wp","href":"https:\/\/api.w.org\/{rel}","templated":true}]}}