{"id":2025,"date":"2016-07-14T16:34:35","date_gmt":"2016-07-14T16:34:35","guid":{"rendered":"http:\/\/theartic-emden.de\/?p=2025"},"modified":"2016-11-10T19:11:37","modified_gmt":"2016-11-10T19:11:37","slug":"spielfreude-kann-sorgenfalten-nicht-glaetten-oz-14-06-2016","status":"publish","type":"post","link":"https:\/\/theartic-emden.de\/?p=2025","title":{"rendered":"Spielfreude kann Sorgenfalten nicht gl\u00e4tten (OZ 14.06.2016)"},"content":{"rendered":"<p><span style=\"color: #999999;\">Quelle: OZ v. 14.06.2016 | OZ-Redakteur:\u00a0Heiko M\u00fcller<\/span><\/p>\n<p><span style=\"color: #000000;\"><strong>Kultur<\/strong> Geringe Zuschauerzahl bei Theater-Familiennachmittagen rei\u00dft Loch in die Theartic-Kasse<\/span><\/p>\n<p><span style=\"color: #000000;\">Die Kinder- und Jugendensembles und das Team des Vereins setzen ihre Hoffnungen jetzt auf das kommende Wochenende.<\/span><\/p>\n<p>&nbsp;<\/p>\n<p><span style=\"color: #000000;\"><strong>Emden<\/strong> &#8211; Die k\u00fcnstlerischen Leistungen waren \u00fcberzeugend, die Zuschauer begeistert und alle Reaktionen positiv. Dennoch haben die ersten beiden von vier Theater-Familiennachmittagen von Theartic den Verantwortlichen der Emder Kulturinstitution Sorgen bereitet. Weil am Sonnabend und Sonntag nur insgesamt 220 Besucher den Weg in das Neue Theater fanden, droht dem Verein n\u00e4mlich zum ersten Mal in seiner 14-j\u00e4hrigen Geschichte ein Defizit.<\/span><\/p>\n<p><!--more--><\/p>\n<p><span style=\"color: #000000;\">Darauf hat Theartic-Chefin Ulrike Heymann in ihrem Schlusswort nach der zweiten Vorstellung der beiden aufeinander aufbauenden St\u00fccke mit den kuriosen Titeln \u201eDas Was-auch-immer\u201c und \u201eKommst du heut\u2019 nicht, kommst du morgen\u201c hingewiesen. Es sei das erste Mal, dass die Kinder- und Jugendtheaterabteilung vor nicht ausverkauftem Haus gespielt hat. Grund sei, so Heymann, dass das Wochenende mit anderen Veranstaltungen belegt worden sei. Sie \u00e4rgert, dass das zu einem Zeitpunkt geschah, an dem die Theartic-Termine l\u00e4ngst bekannt gewesen seien. Das sei \u201esehr schade\u201c, zumal das Ensemble von \u201eTheartic kunterbunt\u201c mit Kindern und Jugendlichen aus f\u00fcnf Nationen, darunter auch Fl\u00fcchtlinge, ihren ersten \u00f6ffentlichen Auftritt hatte, und die Nachwuchstruppe \u201eTheartic junior\u201c anderes gew\u00f6hnt sei.<\/span><\/p>\n<p>&nbsp;<\/p>\n<p><span style=\"color: #000000;\">Die Zuschauer, die die ersten beiden Theater-Familiennachmittage erlebten, spendeten Szenenapplaus, bedankten sich teils mit stehenden Ovationen und tosendem Beifall. \u201eVon der Spielfreude k\u00f6nnen sich einige sogenannte Profis eine Scheibe abschneiden\u201c, meinte eine Besucherin. In ihrem Urteil waren die Zuschauer sich einig: Diese Veranstaltung h\u00e4tte mehr Resonanz verdient schon angesichts der Tatsache, dass sich Theartic mittlerweile nicht nur der Inklusion, sondern<br \/>\nauch der Integration widmet und dieser Ansatz neu f\u00fcr das Kulturleben in der Region ist. Das w\u00fcrdigte auch Oberb\u00fcrgermeister Bernd Bornemann (SPD) als Gast der Premiere. In seinem Gru\u00dfwort lobte er die Arbeit des Vereins ausdr\u00fccklich. Er sprach von einem Leuchtturm in der Kulturszene. Mit solchen Ehren ausgestattet, setzt das Theartic-Team jetzt alle Hoffnungen auf die weiteren beiden Theater-Familiennachmittage. Sie sind am Sonnabend, 18. Juni, und am Sonntag, 19. Juni, jeweils ab 15 Uhr im Neuen Theater. Ulrike Heymann w\u00fcnscht sich, dass zu diesen beiden Vorstellungen auch mehr Kinder als am vergangenen Wochenende kommen. Karten gibt es im Vorverkauf f\u00fcr zehn Euro (erm\u00e4\u00dfigt sechs Euro) im Kulturb\u00fcro an der Gro\u00dfen Stra\u00dfe.<\/span><\/p>\n<p>&nbsp;<\/p>\n","protected":false},"excerpt":{"rendered":"<p>Quelle: OZ v. 14.06.2016 | OZ-Redakteur:\u00a0Heiko M\u00fcller Kultur Geringe Zuschauerzahl bei Theater-Familiennachmittagen rei\u00dft Loch in die Theartic-Kasse Die Kinder- und Jugendensembles und das Team des Vereins setzen ihre Hoffnungen jetzt auf das kommende Wochenende. &nbsp; Emden &#8211; Die k\u00fcnstlerischen Leistungen &hellip; <a href=\"https:\/\/theartic-emden.de\/?p=2025\">Weiterlesen <span class=\"meta-nav\">&rarr;<\/span><\/a><\/p>\n","protected":false},"author":1,"featured_media":0,"comment_status":"closed","ping_status":"closed","sticky":false,"template":"","format":"standard","meta":{"ngg_post_thumbnail":0},"categories":[1],"tags":[],"_links":{"self":[{"href":"https:\/\/theartic-emden.de\/index.php?rest_route=\/wp\/v2\/posts\/2025"}],"collection":[{"href":"https:\/\/theartic-emden.de\/index.php?rest_route=\/wp\/v2\/posts"}],"about":[{"href":"https:\/\/theartic-emden.de\/index.php?rest_route=\/wp\/v2\/types\/post"}],"author":[{"embeddable":true,"href":"https:\/\/theartic-emden.de\/index.php?rest_route=\/wp\/v2\/users\/1"}],"replies":[{"embeddable":true,"href":"https:\/\/theartic-emden.de\/index.php?rest_route=%2Fwp%2Fv2%2Fcomments&post=2025"}],"version-history":[{"count":3,"href":"https:\/\/theartic-emden.de\/index.php?rest_route=\/wp\/v2\/posts\/2025\/revisions"}],"predecessor-version":[{"id":2053,"href":"https:\/\/theartic-emden.de\/index.php?rest_route=\/wp\/v2\/posts\/2025\/revisions\/2053"}],"wp:attachment":[{"href":"https:\/\/theartic-emden.de\/index.php?rest_route=%2Fwp%2Fv2%2Fmedia&parent=2025"}],"wp:term":[{"taxonomy":"category","embeddable":true,"href":"https:\/\/theartic-emden.de\/index.php?rest_route=%2Fwp%2Fv2%2Fcategories&post=2025"},{"taxonomy":"post_tag","embeddable":true,"href":"https:\/\/theartic-emden.de\/index.php?rest_route=%2Fwp%2Fv2%2Ftags&post=2025"}],"curies":[{"name":"wp","href":"https:\/\/api.w.org\/{rel}","templated":true}]}}