{"id":3473,"date":"2019-06-09T18:07:17","date_gmt":"2019-06-09T18:07:17","guid":{"rendered":"http:\/\/theartic-emden.de\/?p=3473"},"modified":"2019-06-10T20:47:44","modified_gmt":"2019-06-10T20:47:44","slug":"theartic-in-der-nordseehalle-ez-08-06-2019","status":"publish","type":"post","link":"https:\/\/theartic-emden.de\/?p=3473","title":{"rendered":"Ein gro\u00dfes Vergn\u00fcgen (EZ, 08.06.2019)"},"content":{"rendered":"<p><img loading=\"lazy\" class=\"aligncenter size-large wp-image-3475\" src=\"http:\/\/theartic-emden.de\/wp-content\/uploads\/2019\/06\/08.06.2019-1.jpg\" alt=\"\" width=\"184\" height=\"300\"><\/p>\n<p>zum Nachlesen:<\/p>\n<p><!--more--><\/p>\n<p align=\"justify\"><b>Zum Auftritt des Theaters \u201eTheartic\u201d in der Nordseehalle:<\/b><\/p>\n<p align=\"justify\">Das war nun wirklich vergn\u00fcglich, den Wahlsonntag mit einer kleinen Trommelmusik ausklingen zu lassen. Die Theartic-Stomper und -schauspieler haben in sehr gelungener Interaktion ein mitrei\u00dfendes und abwechslungsreiches Programm auf die B\u00fchne gebracht. Wie viel Arbeit und Konzentration hinter dieser vergn\u00fcglich daher kommenden Performance steckt, kann das Publikum wohl h\u00f6chstens erahnen.<\/p>\n<p align=\"justify\"><b>Christina Michalke<\/b><\/p>\n<p align=\"justify\"><b>26725 Emden<\/b><\/p>\n","protected":false},"excerpt":{"rendered":"<p>zum Nachlesen:<\/p>\n","protected":false},"author":1,"featured_media":0,"comment_status":"closed","ping_status":"closed","sticky":false,"template":"","format":"standard","meta":{"ngg_post_thumbnail":0},"categories":[1],"tags":[],"_links":{"self":[{"href":"https:\/\/theartic-emden.de\/index.php?rest_route=\/wp\/v2\/posts\/3473"}],"collection":[{"href":"https:\/\/theartic-emden.de\/index.php?rest_route=\/wp\/v2\/posts"}],"about":[{"href":"https:\/\/theartic-emden.de\/index.php?rest_route=\/wp\/v2\/types\/post"}],"author":[{"embeddable":true,"href":"https:\/\/theartic-emden.de\/index.php?rest_route=\/wp\/v2\/users\/1"}],"replies":[{"embeddable":true,"href":"https:\/\/theartic-emden.de\/index.php?rest_route=%2Fwp%2Fv2%2Fcomments&post=3473"}],"version-history":[{"count":2,"href":"https:\/\/theartic-emden.de\/index.php?rest_route=\/wp\/v2\/posts\/3473\/revisions"}],"predecessor-version":[{"id":3477,"href":"https:\/\/theartic-emden.de\/index.php?rest_route=\/wp\/v2\/posts\/3473\/revisions\/3477"}],"wp:attachment":[{"href":"https:\/\/theartic-emden.de\/index.php?rest_route=%2Fwp%2Fv2%2Fmedia&parent=3473"}],"wp:term":[{"taxonomy":"category","embeddable":true,"href":"https:\/\/theartic-emden.de\/index.php?rest_route=%2Fwp%2Fv2%2Fcategories&post=3473"},{"taxonomy":"post_tag","embeddable":true,"href":"https:\/\/theartic-emden.de\/index.php?rest_route=%2Fwp%2Fv2%2Ftags&post=3473"}],"curies":[{"name":"wp","href":"https:\/\/api.w.org\/{rel}","templated":true}]}}