{"id":350,"date":"2012-04-30T04:39:16","date_gmt":"2012-04-30T04:39:16","guid":{"rendered":"http:\/\/theartic-emden.de\/?p=350"},"modified":"2012-04-30T04:39:50","modified_gmt":"2012-04-30T04:39:50","slug":"ez-28-04-2012-europa-kommt-nach-emden","status":"publish","type":"post","link":"https:\/\/theartic-emden.de\/?p=350","title":{"rendered":"EZ 28.04.2012: Europa kommt nach Emden"},"content":{"rendered":"<p><img loading=\"lazy\" src=\"http:\/\/theartic-emden.de\/wp-content\/uploads\/2012\/04\/EZ28042012_Theartic-Flyer-Gruppenbild.jpg\" alt=\"\" title=\"EZ28042012_Theartic-Flyer-Gruppenbild\" width=\"500\" height=\"401\" class=\"alignnone size-full wp-image-352\" srcset=\"https:\/\/theartic-emden.de\/wp-content\/uploads\/2012\/04\/EZ28042012_Theartic-Flyer-Gruppenbild.jpg 500w, https:\/\/theartic-emden.de\/wp-content\/uploads\/2012\/04\/EZ28042012_Theartic-Flyer-Gruppenbild-480x384.jpg 480w\" sizes=\"(max-width: 500px) 100vw, 500px\" \/><br \/>\nEmden. Die Emder Theaterwerkstatt \u201eTheartic\u201d erwartet vom 2. bis 6. Mai insgesamt 60 Besucher aus acht Hauptst\u00e4dten Europas. Die acht und Emden sind beteiligt an einem Projekt, das abgek\u00fcrzt \u201eGuia\u201d hei\u00dft und sich der kulturellen Arbeit mit Behinderten widmet. Die Besucher aus Belfast, Br\u00fcssel, London, Warschau, Prag, Zagreb, Bukarest und Ankara erwarten von dem Besuch Aufschl\u00fcsse \u00fcber das, was Emden bereits hat: eine inspirierte und lebhafte Theater- und Chorarbeit, an der behinderte wie auch nichtbehinderte Menschen teilhaben, erkl\u00e4rt die Initiatorin und Vorsitzende von Theartic, Ulrike Heymann.<\/p>\n<p>Den vollst\u00e4ndigen Artikel der Emder Zeitung vom 28.04.2012 finden sie hier: <a href=\"http:\/\/theartic-emden.de\/wp-content\/uploads\/2012\/04\/Theartic_Europa_Flyer_EZ28042012.pdf\" target=_blank>Zum Artikel (PDF)<\/a><\/p>\n","protected":false},"excerpt":{"rendered":"<p>Emden. Die Emder Theaterwerkstatt \u201eTheartic\u201d erwartet vom 2. bis 6. Mai insgesamt 60 Besucher aus acht Hauptst\u00e4dten Europas. Die acht und Emden sind beteiligt an einem Projekt, das abgek\u00fcrzt \u201eGuia\u201d hei\u00dft und sich der kulturellen Arbeit mit Behinderten widmet. Die &hellip; <a href=\"https:\/\/theartic-emden.de\/?p=350\">Weiterlesen <span class=\"meta-nav\">&rarr;<\/span><\/a><\/p>\n","protected":false},"author":1,"featured_media":0,"comment_status":"closed","ping_status":"closed","sticky":false,"template":"","format":"standard","meta":{"ngg_post_thumbnail":0},"categories":[1],"tags":[],"_links":{"self":[{"href":"https:\/\/theartic-emden.de\/index.php?rest_route=\/wp\/v2\/posts\/350"}],"collection":[{"href":"https:\/\/theartic-emden.de\/index.php?rest_route=\/wp\/v2\/posts"}],"about":[{"href":"https:\/\/theartic-emden.de\/index.php?rest_route=\/wp\/v2\/types\/post"}],"author":[{"embeddable":true,"href":"https:\/\/theartic-emden.de\/index.php?rest_route=\/wp\/v2\/users\/1"}],"replies":[{"embeddable":true,"href":"https:\/\/theartic-emden.de\/index.php?rest_route=%2Fwp%2Fv2%2Fcomments&post=350"}],"version-history":[{"count":2,"href":"https:\/\/theartic-emden.de\/index.php?rest_route=\/wp\/v2\/posts\/350\/revisions"}],"predecessor-version":[{"id":354,"href":"https:\/\/theartic-emden.de\/index.php?rest_route=\/wp\/v2\/posts\/350\/revisions\/354"}],"wp:attachment":[{"href":"https:\/\/theartic-emden.de\/index.php?rest_route=%2Fwp%2Fv2%2Fmedia&parent=350"}],"wp:term":[{"taxonomy":"category","embeddable":true,"href":"https:\/\/theartic-emden.de\/index.php?rest_route=%2Fwp%2Fv2%2Fcategories&post=350"},{"taxonomy":"post_tag","embeddable":true,"href":"https:\/\/theartic-emden.de\/index.php?rest_route=%2Fwp%2Fv2%2Ftags&post=350"}],"curies":[{"name":"wp","href":"https:\/\/api.w.org\/{rel}","templated":true}]}}