{"id":355,"date":"2012-05-02T11:54:57","date_gmt":"2012-05-02T11:54:57","guid":{"rendered":"http:\/\/theartic-emden.de\/?p=355"},"modified":"2012-05-02T11:58:59","modified_gmt":"2012-05-02T11:58:59","slug":"oz-02-05-2012-europa-macht-theater-in-emden","status":"publish","type":"post","link":"https:\/\/theartic-emden.de\/?p=355","title":{"rendered":"OZ 02.05.2012: Europa macht Theater in Emden"},"content":{"rendered":"<p><img loading=\"lazy\" class=\"size-full wp-image-358\" title=\"OZEMD_20120502-22._thumb\" src=\"http:\/\/theartic-emden.de\/wp-content\/uploads\/2012\/05\/OZEMD_20120502-22._thumb.jpg\" alt=\"\" width=\"500\" height=\"403\" srcset=\"https:\/\/theartic-emden.de\/wp-content\/uploads\/2012\/05\/OZEMD_20120502-22._thumb.jpg 500w, https:\/\/theartic-emden.de\/wp-content\/uploads\/2012\/05\/OZEMD_20120502-22._thumb-480x386.jpg 480w\" sizes=\"(max-width: 500px) 100vw, 500px\" \/><br \/>\nEmden macht Theater \u2013 und Europa ist dabei: Rund 30 G\u00e4ste aus Kulturzentren in acht Hauptst\u00e4dten des Kontinents werden heute zu einem f\u00fcnft\u00e4gigen Besuch in Emden erwartet. Gastgeber ist die Emder Kulturinstitution \u201eTheartic\u201c, die ihre modellhafte und ambitionierte Theater- und Chorarbeit mit behinderten und nichtbehinderten Menschen vorstellen wird. Die Teilnehmer des Treffens kommen aus Belfast,<br \/>\nLondon, Br\u00fcssel, Warschau, Prag, Zagreb, Bukarest, Ankara und aus Emden, das als Austragungsort in der Reihe dieser Metropolen ein Exot ist.<\/p>\n<p>Den vollst\u00e4ndigen Artikel der Ostfriesen Zeitung vom 02.05.2012 finden sie hier: <a href=\"http:\/\/theartic-emden.de\/wp-content\/uploads\/2012\/05\/Theartic_Europa_Flyer_OZ02052012.pdf\" target=\"_blank\">Zum Artikel (PDF)<\/a><\/p>\n","protected":false},"excerpt":{"rendered":"<p>Emden macht Theater \u2013 und Europa ist dabei: Rund 30 G\u00e4ste aus Kulturzentren in acht Hauptst\u00e4dten des Kontinents werden heute zu einem f\u00fcnft\u00e4gigen Besuch in Emden erwartet. Gastgeber ist die Emder Kulturinstitution \u201eTheartic\u201c, die ihre modellhafte und ambitionierte Theater- und &hellip; <a href=\"https:\/\/theartic-emden.de\/?p=355\">Weiterlesen <span class=\"meta-nav\">&rarr;<\/span><\/a><\/p>\n","protected":false},"author":1,"featured_media":0,"comment_status":"closed","ping_status":"closed","sticky":false,"template":"","format":"standard","meta":{"ngg_post_thumbnail":0},"categories":[1],"tags":[],"_links":{"self":[{"href":"https:\/\/theartic-emden.de\/index.php?rest_route=\/wp\/v2\/posts\/355"}],"collection":[{"href":"https:\/\/theartic-emden.de\/index.php?rest_route=\/wp\/v2\/posts"}],"about":[{"href":"https:\/\/theartic-emden.de\/index.php?rest_route=\/wp\/v2\/types\/post"}],"author":[{"embeddable":true,"href":"https:\/\/theartic-emden.de\/index.php?rest_route=\/wp\/v2\/users\/1"}],"replies":[{"embeddable":true,"href":"https:\/\/theartic-emden.de\/index.php?rest_route=%2Fwp%2Fv2%2Fcomments&post=355"}],"version-history":[{"count":7,"href":"https:\/\/theartic-emden.de\/index.php?rest_route=\/wp\/v2\/posts\/355\/revisions"}],"predecessor-version":[{"id":364,"href":"https:\/\/theartic-emden.de\/index.php?rest_route=\/wp\/v2\/posts\/355\/revisions\/364"}],"wp:attachment":[{"href":"https:\/\/theartic-emden.de\/index.php?rest_route=%2Fwp%2Fv2%2Fmedia&parent=355"}],"wp:term":[{"taxonomy":"category","embeddable":true,"href":"https:\/\/theartic-emden.de\/index.php?rest_route=%2Fwp%2Fv2%2Fcategories&post=355"},{"taxonomy":"post_tag","embeddable":true,"href":"https:\/\/theartic-emden.de\/index.php?rest_route=%2Fwp%2Fv2%2Ftags&post=355"}],"curies":[{"name":"wp","href":"https:\/\/api.w.org\/{rel}","templated":true}]}}