{"id":458,"date":"2012-06-14T10:09:47","date_gmt":"2012-06-14T10:09:47","guid":{"rendered":"http:\/\/theartic-emden.de\/?p=458"},"modified":"2012-06-14T10:10:14","modified_gmt":"2012-06-14T10:10:14","slug":"ez-14-06-2012-kulturburo-gibt-neuen-spielplan-heraus","status":"publish","type":"post","link":"https:\/\/theartic-emden.de\/?p=458","title":{"rendered":"EZ 14.06.2012: Kulturb\u00fcro gibt neuen Spielplan heraus"},"content":{"rendered":"<p><strong>Emden. <\/strong>Das Kulturb\u00fcro hat jetzt ihren Spielplan f\u00fcr die Saison 2012\/13 herausgegeben. Das 50-seitige Heft enth\u00e4lt das st\u00e4dtische Programm im Neuen Theater. Dieses beginnt am 27. September mit dem St\u00fcck \u201eDie bessere Gesellschaft\u201d der Gruppe Theartic. Dann entfaltet sich bis zum April 2013 ein Kaleidoskop der Kultur. Die 2. Comedy-Nacht ist ebenso vertreten wie die Oper Turandot, neben den Th\u00fcringer Philharmonikern steht die Revue Pasta e Basta, und Goethes \u201eClavigo\u201d neben Shakespeares \u201eMacbeth\u201d. Das Heft bekommt man kostenlos im Kulturb\u00fcro Gro\u00dfe Stra\u00dfe.<\/p>\n","protected":false},"excerpt":{"rendered":"<p>Emden. Das Kulturb\u00fcro hat jetzt ihren Spielplan f\u00fcr die Saison 2012\/13 herausgegeben. Das 50-seitige Heft enth\u00e4lt das st\u00e4dtische Programm im Neuen Theater. Dieses beginnt am 27. September mit dem St\u00fcck \u201eDie bessere Gesellschaft\u201d der Gruppe Theartic. Dann entfaltet sich bis &hellip; <a href=\"https:\/\/theartic-emden.de\/?p=458\">Weiterlesen <span class=\"meta-nav\">&rarr;<\/span><\/a><\/p>\n","protected":false},"author":1,"featured_media":0,"comment_status":"closed","ping_status":"closed","sticky":false,"template":"","format":"standard","meta":{"ngg_post_thumbnail":0},"categories":[1],"tags":[],"_links":{"self":[{"href":"https:\/\/theartic-emden.de\/index.php?rest_route=\/wp\/v2\/posts\/458"}],"collection":[{"href":"https:\/\/theartic-emden.de\/index.php?rest_route=\/wp\/v2\/posts"}],"about":[{"href":"https:\/\/theartic-emden.de\/index.php?rest_route=\/wp\/v2\/types\/post"}],"author":[{"embeddable":true,"href":"https:\/\/theartic-emden.de\/index.php?rest_route=\/wp\/v2\/users\/1"}],"replies":[{"embeddable":true,"href":"https:\/\/theartic-emden.de\/index.php?rest_route=%2Fwp%2Fv2%2Fcomments&post=458"}],"version-history":[{"count":4,"href":"https:\/\/theartic-emden.de\/index.php?rest_route=\/wp\/v2\/posts\/458\/revisions"}],"predecessor-version":[{"id":462,"href":"https:\/\/theartic-emden.de\/index.php?rest_route=\/wp\/v2\/posts\/458\/revisions\/462"}],"wp:attachment":[{"href":"https:\/\/theartic-emden.de\/index.php?rest_route=%2Fwp%2Fv2%2Fmedia&parent=458"}],"wp:term":[{"taxonomy":"category","embeddable":true,"href":"https:\/\/theartic-emden.de\/index.php?rest_route=%2Fwp%2Fv2%2Fcategories&post=458"},{"taxonomy":"post_tag","embeddable":true,"href":"https:\/\/theartic-emden.de\/index.php?rest_route=%2Fwp%2Fv2%2Ftags&post=458"}],"curies":[{"name":"wp","href":"https:\/\/api.w.org\/{rel}","templated":true}]}}