{"id":635,"date":"2012-10-16T06:50:14","date_gmt":"2012-10-16T06:50:14","guid":{"rendered":"http:\/\/theartic-emden.de\/?p=635"},"modified":"2012-10-19T06:50:26","modified_gmt":"2012-10-19T06:50:26","slug":"ez-15-10-2012-stadt-emden-kauft-das-apollo","status":"publish","type":"post","link":"https:\/\/theartic-emden.de\/?p=635","title":{"rendered":"EZ 15.10.2012: Stadt Emden kauft das &#8222;Apollo&#8220;"},"content":{"rendered":"<p>Das Apollo-Geb\u00e4ude in der Stra\u00dfe Zwischen beiden Bleichen wird st\u00e4dtisches Eigentum. Der Rat befasste sich am 11. Oktober in einer nicht \u00f6ffentlichen Sitzung mit dem Thema.<br \/>\nDort wurde mehrheitlich beschlossen, die Immobilie zu erwerben.<\/p>\n<p>Den gesamten Artikel aus der Emder Zeitung vom 15.10.2012 gibt es hier als PDF Datei: <a href='http:\/\/theartic-emden.de\/wp-content\/uploads\/2012\/10\/Theartic_Apollo_EZ15102012.pdf'>Hier klicken!<\/a><\/p>\n","protected":false},"excerpt":{"rendered":"<p>Das Apollo-Geb\u00e4ude in der Stra\u00dfe Zwischen beiden Bleichen wird st\u00e4dtisches Eigentum. Der Rat befasste sich am 11. Oktober in einer nicht \u00f6ffentlichen Sitzung mit dem Thema. Dort wurde mehrheitlich beschlossen, die Immobilie zu erwerben. Den gesamten Artikel aus der Emder &hellip; <a href=\"https:\/\/theartic-emden.de\/?p=635\">Weiterlesen <span class=\"meta-nav\">&rarr;<\/span><\/a><\/p>\n","protected":false},"author":1,"featured_media":0,"comment_status":"closed","ping_status":"closed","sticky":false,"template":"","format":"standard","meta":{"ngg_post_thumbnail":0},"categories":[1],"tags":[],"_links":{"self":[{"href":"https:\/\/theartic-emden.de\/index.php?rest_route=\/wp\/v2\/posts\/635"}],"collection":[{"href":"https:\/\/theartic-emden.de\/index.php?rest_route=\/wp\/v2\/posts"}],"about":[{"href":"https:\/\/theartic-emden.de\/index.php?rest_route=\/wp\/v2\/types\/post"}],"author":[{"embeddable":true,"href":"https:\/\/theartic-emden.de\/index.php?rest_route=\/wp\/v2\/users\/1"}],"replies":[{"embeddable":true,"href":"https:\/\/theartic-emden.de\/index.php?rest_route=%2Fwp%2Fv2%2Fcomments&post=635"}],"version-history":[{"count":2,"href":"https:\/\/theartic-emden.de\/index.php?rest_route=\/wp\/v2\/posts\/635\/revisions"}],"predecessor-version":[{"id":638,"href":"https:\/\/theartic-emden.de\/index.php?rest_route=\/wp\/v2\/posts\/635\/revisions\/638"}],"wp:attachment":[{"href":"https:\/\/theartic-emden.de\/index.php?rest_route=%2Fwp%2Fv2%2Fmedia&parent=635"}],"wp:term":[{"taxonomy":"category","embeddable":true,"href":"https:\/\/theartic-emden.de\/index.php?rest_route=%2Fwp%2Fv2%2Fcategories&post=635"},{"taxonomy":"post_tag","embeddable":true,"href":"https:\/\/theartic-emden.de\/index.php?rest_route=%2Fwp%2Fv2%2Ftags&post=635"}],"curies":[{"name":"wp","href":"https:\/\/api.w.org\/{rel}","templated":true}]}}