{"id":651,"date":"2012-11-17T10:00:11","date_gmt":"2012-11-17T10:00:11","guid":{"rendered":"http:\/\/theartic-emden.de\/?p=651"},"modified":"2012-11-17T10:00:11","modified_gmt":"2012-11-17T10:00:11","slug":"ez-17-11-2012-theartic-in-prag-es-war-ein-tolles-erlebnis","status":"publish","type":"post","link":"https:\/\/theartic-emden.de\/?p=651","title":{"rendered":"EZ 17.11.2012: &#8222;Theartic in Prag &#8211; Es war ein tolles Erlebnis&#8220;"},"content":{"rendered":"<p style=\"text-align: justify;\"><a class=\"lightbox\" href=\"http:\/\/theartic-emden.de\/wp-content\/uploads\/2012\/11\/Theartic_Prag112012-018701.jpg\"><img loading=\"lazy\" class=\"aligncenter size-full wp-image-661\" title=\"Theartic_Prag112012-01870\" src=\"http:\/\/theartic-emden.de\/wp-content\/uploads\/2012\/11\/Theartic_Prag112012-018701.jpg\" alt=\"\" width=\"1000\" height=\"406\" srcset=\"https:\/\/theartic-emden.de\/wp-content\/uploads\/2012\/11\/Theartic_Prag112012-018701.jpg 1000w, https:\/\/theartic-emden.de\/wp-content\/uploads\/2012\/11\/Theartic_Prag112012-018701-480x194.jpg 480w\" sizes=\"(max-width: 1000px) 100vw, 1000px\" \/><\/a><\/p>\n<p style=\"text-align: justify;\"><em><strong>Theartic begeisterte beim Internationalen Theater-Festival in Prag.<\/strong><\/em><\/p>\n<p style=\"text-align: justify;\">Emden\/Prag. Die 45 Schauspieler, S\u00e4nger und Musiker des Theartic-Teams Emden haben bei dem Internationalen Theater-Festival in Prag das Publikum und die europ\u00e4ischen Partner begeistert. Mit vielen tollen Erlebnissen und der Gewissheit, mit 45 Menschen mit und ohne Behinderungen samt Equipment eine solche Gastspielreise absolvieren zu k\u00f6nnen, kehrten die Akteure zur\u00fcck.<br \/>\n&#8222;Es war anstrengend, aber wundersch\u00f6n&#8220;, teilte das Theartic-Team mit, das aus der K\u00fcnstlerischen Leiterin Ulrike Heymann, Gesch\u00e4ftsf\u00fchrerin Beate Kegler und Inge Rhoden-Wohlers, Hans Langen, Claus Gosmann, Arne Bohnet, Christina Dane, Dr. Eva Nduka-Agwu und Ernst Weerts besteht.<\/p>\n<h3 style=\"text-align: justify;\">Theartic spielte am Schluss<\/h3>\n<p style=\"text-align: justify;\">Im Rahmen des \u00fcber zwei Jahre laufenden Europa-Projekts GUIA (Guide us into Arts &#8211; F\u00fchre uns zu den K\u00fcnsten) war diesmal die Prager Kulturinitiative Inventura der Gastgeber. Auf dem Programm standen ein Theaterworkshop der Prager Projektpartner, ein Musikworkshop der Londoner und nat\u00fcrlich das Festival mit Theaterauff\u00fchrungen von Ensembles aus Br\u00fcssel, Zagreb, Warschau, Prag und Emden.<!--more--><br \/>\nTheartic war mit dem St\u00fcck \u201eDie bessere Gesellschaft\u201c von den Veranstaltern als H\u00f6hepunkt bewusst an das Ende des Festivalprogramms gesetzt worden &#8211; und diese besondere Ehre befl\u00fcgelte die Akteure so sehr, dass sie zur H\u00f6chstform aufliefen und das Publikum begeisterten, teilte das Team mit. Das war umso bemerkenswerter als das lange St\u00fcck dem Publikum einiges an Aufmerksamkeit abverlangte. Sicher konnten nicht alle Zuschauer dem anspruchsvollen deutschen Text und der ebenso anspruchsvollen englischen \u00dcbersetzung, die \u00fcber der Spielfl\u00e4che eingeblendet wurde, ohne Probleme folgen.<br \/>\n\u201eAber es war mucksm\u00e4uschenstill, niemand verlie\u00df den Saal und in der anschlie\u00dfenden Publikumsdiskussion zeigten sich alle Zuschauer tief beeindruckt und v\u00f6llig begeistert von der Vorstellung\u201c, fasst das Theartic-Team zusammen. Umgekehrt waren alle Theartic-Teilnehmer begeistert von dieser Gastspielreise. Die Europ\u00e4er wiederzutreffen, die im Mai bei Theartic in Emden zu Gast waren (wir berichteten), die Workshops, die Theaterauff\u00fchrungen der anderen und der eigene Auftritt &#8211; das alles haben alle sehr genossen. Daneben wurde die knapp bemessene Freizeit nat\u00fcrlich f\u00fcr einen Stadtbummel und Besichtigungen genutzt, w\u00e4hrend das Theartic-Team die Fachtagung mit den europ\u00e4ischen Partnern fortsetzte. \u201eEs war f\u00fcr alle ein tolles Erlebnis\u201c, lautet das Fazit. Und alle Beteiligten sind sich einig, dass dies nicht die letzte Gastspielreise gewesen sein soll. \u201eF\u00fcr die Gruppe war es eine wunderbare und wichtige Erfahrung, und f\u00fcr Emden haben wir mit unserem Auftritt in Prag bei den europ\u00e4ischen Partnern den bestm\u00f6glichen Eindruck hinterlassen.\u201c<\/p>\n<p style=\"text-align: justify;\">EZ-Artikel vom 17.11.2012 als PDF: <a href=\"http:\/\/theartic-emden.de\/wp-content\/uploads\/2012\/11\/EZ17112012_Theartic_in_Prag.pdf\" target=\"_blank\">Hier klicken!<\/a><\/p>\n","protected":false},"excerpt":{"rendered":"<p>Theartic begeisterte beim Internationalen Theater-Festival in Prag. Emden\/Prag. Die 45 Schauspieler, S\u00e4nger und Musiker des Theartic-Teams Emden haben bei dem Internationalen Theater-Festival in Prag das Publikum und die europ\u00e4ischen Partner begeistert. Mit vielen tollen Erlebnissen und der Gewissheit, mit 45 &hellip; <a href=\"https:\/\/theartic-emden.de\/?p=651\">Weiterlesen <span class=\"meta-nav\">&rarr;<\/span><\/a><\/p>\n","protected":false},"author":1,"featured_media":0,"comment_status":"closed","ping_status":"closed","sticky":false,"template":"","format":"standard","meta":{"ngg_post_thumbnail":0},"categories":[1,5],"tags":[],"_links":{"self":[{"href":"https:\/\/theartic-emden.de\/index.php?rest_route=\/wp\/v2\/posts\/651"}],"collection":[{"href":"https:\/\/theartic-emden.de\/index.php?rest_route=\/wp\/v2\/posts"}],"about":[{"href":"https:\/\/theartic-emden.de\/index.php?rest_route=\/wp\/v2\/types\/post"}],"author":[{"embeddable":true,"href":"https:\/\/theartic-emden.de\/index.php?rest_route=\/wp\/v2\/users\/1"}],"replies":[{"embeddable":true,"href":"https:\/\/theartic-emden.de\/index.php?rest_route=%2Fwp%2Fv2%2Fcomments&post=651"}],"version-history":[{"count":14,"href":"https:\/\/theartic-emden.de\/index.php?rest_route=\/wp\/v2\/posts\/651\/revisions"}],"predecessor-version":[{"id":670,"href":"https:\/\/theartic-emden.de\/index.php?rest_route=\/wp\/v2\/posts\/651\/revisions\/670"}],"wp:attachment":[{"href":"https:\/\/theartic-emden.de\/index.php?rest_route=%2Fwp%2Fv2%2Fmedia&parent=651"}],"wp:term":[{"taxonomy":"category","embeddable":true,"href":"https:\/\/theartic-emden.de\/index.php?rest_route=%2Fwp%2Fv2%2Fcategories&post=651"},{"taxonomy":"post_tag","embeddable":true,"href":"https:\/\/theartic-emden.de\/index.php?rest_route=%2Fwp%2Fv2%2Ftags&post=651"}],"curies":[{"name":"wp","href":"https:\/\/api.w.org\/{rel}","templated":true}]}}