{"id":750,"date":"2013-01-08T13:22:58","date_gmt":"2013-01-08T13:22:58","guid":{"rendered":"http:\/\/theartic-emden.de\/?p=750"},"modified":"2013-01-08T15:25:23","modified_gmt":"2013-01-08T15:25:23","slug":"ez-05-01-2013-kulturelle-kostlichkeiten-im-neuen-jahr","status":"publish","type":"post","link":"https:\/\/theartic-emden.de\/?p=750","title":{"rendered":"EZ 05.01.2013: Kulturelle K\u00f6stlichkeiten im neuen Jahr"},"content":{"rendered":"<p>Die Emder Zeitung ver\u00f6ffentlichte in ihrer Ausgabe vom 05. Januar 2013 einen Jahres\u00fcberblick \u00fcber kulturelle Veranstaltungen in Emden. Mit dabei: Die Auff\u00fchrung von Theartic junior am 02. und 03. M\u00e4rz.<\/p>\n<p>Die Kultur-\u00dcbersicht zum Herunterladen (PDF): <a href='http:\/\/theartic-emden.de\/wp-content\/uploads\/2013\/01\/EZ_Kulturjahresueberblick_Theartic-junior2013.pdf'>HIER klicken!<\/a><\/p>\n","protected":false},"excerpt":{"rendered":"<p>Die Emder Zeitung ver\u00f6ffentlichte in ihrer Ausgabe vom 05. Januar 2013 einen Jahres\u00fcberblick \u00fcber kulturelle Veranstaltungen in Emden. Mit dabei: Die Auff\u00fchrung von Theartic junior am 02. und 03. M\u00e4rz. Die Kultur-\u00dcbersicht zum Herunterladen (PDF): HIER klicken!<\/p>\n","protected":false},"author":1,"featured_media":0,"comment_status":"closed","ping_status":"closed","sticky":false,"template":"","format":"standard","meta":{"ngg_post_thumbnail":0},"categories":[5],"tags":[],"_links":{"self":[{"href":"https:\/\/theartic-emden.de\/index.php?rest_route=\/wp\/v2\/posts\/750"}],"collection":[{"href":"https:\/\/theartic-emden.de\/index.php?rest_route=\/wp\/v2\/posts"}],"about":[{"href":"https:\/\/theartic-emden.de\/index.php?rest_route=\/wp\/v2\/types\/post"}],"author":[{"embeddable":true,"href":"https:\/\/theartic-emden.de\/index.php?rest_route=\/wp\/v2\/users\/1"}],"replies":[{"embeddable":true,"href":"https:\/\/theartic-emden.de\/index.php?rest_route=%2Fwp%2Fv2%2Fcomments&post=750"}],"version-history":[{"count":3,"href":"https:\/\/theartic-emden.de\/index.php?rest_route=\/wp\/v2\/posts\/750\/revisions"}],"predecessor-version":[{"id":755,"href":"https:\/\/theartic-emden.de\/index.php?rest_route=\/wp\/v2\/posts\/750\/revisions\/755"}],"wp:attachment":[{"href":"https:\/\/theartic-emden.de\/index.php?rest_route=%2Fwp%2Fv2%2Fmedia&parent=750"}],"wp:term":[{"taxonomy":"category","embeddable":true,"href":"https:\/\/theartic-emden.de\/index.php?rest_route=%2Fwp%2Fv2%2Fcategories&post=750"},{"taxonomy":"post_tag","embeddable":true,"href":"https:\/\/theartic-emden.de\/index.php?rest_route=%2Fwp%2Fv2%2Ftags&post=750"}],"curies":[{"name":"wp","href":"https:\/\/api.w.org\/{rel}","templated":true}]}}